{"id":947,"date":"2023-11-02T21:20:28","date_gmt":"2023-11-02T21:20:28","guid":{"rendered":"https:\/\/literatur-made-in-osnabrueck.de\/?p=947"},"modified":"2023-11-02T21:42:12","modified_gmt":"2023-11-02T21:42:12","slug":"sabine-wittemeier-greta-und-die-griraffensprache-2","status":"publish","type":"post","link":"https:\/\/literatur-made-in-osnabrueck.de\/?p=947","title":{"rendered":"Sabine Wittemeier: Greta und die Giraffensprache 2"},"content":{"rendered":"\n<div class=\"wp-block-media-text is-stacked-on-mobile is-vertically-aligned-top\" style=\"grid-template-columns:25% auto\"><figure class=\"wp-block-media-text__media\"><img loading=\"lazy\" decoding=\"async\" width=\"683\" height=\"1024\" src=\"https:\/\/literatur-made-in-osnabrueck.de\/wp-content\/uploads\/2023\/11\/Greta-und-die-Giraffen-2-Cover_komprimert.jpg\" alt=\"\" class=\"wp-image-948 size-full\" srcset=\"https:\/\/literatur-made-in-osnabrueck.de\/wp-content\/uploads\/2023\/11\/Greta-und-die-Giraffen-2-Cover_komprimert.jpg 683w, https:\/\/literatur-made-in-osnabrueck.de\/wp-content\/uploads\/2023\/11\/Greta-und-die-Giraffen-2-Cover_komprimert-200x300.jpg 200w\" sizes=\"auto, (max-width: 683px) 100vw, 683px\" \/><\/figure><div class=\"wp-block-media-text__content\">\n<p class=\"has-small-font-size\">Die Wolfskinder Wim und Wilma haben aus ihren Streitereien (Band 1 \u2013 Greta und die Giraffensprache) gelernt und m\u00f6chten ihre Erfahrungen gern weitergeben. So versuchen sie, in diesem zweiten Band anderen streitenden Tieren zu helfen. Doch guter Wille allein reicht nicht: Wim und Wilma fallen oft in ihr altes Konfliktverhalten zur\u00fcck und reagieren impulsiv. Nun brauchen sie und die anderen Tiere jemanden, der ihnen zeigt, wie man Streitereien friedlich l\u00f6sen kann.<\/p>\n\n\n\n<p class=\"has-small-font-size\">Wie gut, dass ihre Freundin Greta ihnen und allen anderen Tieren der Ukobanga-Savanne verl\u00e4sslich zur Seite steht. Die wei\u00dfe Giraffe ist nicht nur wegen ihrer Fellfarbe au\u00dfergew\u00f6hnlich. Sie kennt auch eine besondere Art und Weise, miteinander zu reden: die Giraffensprache. Greta motiviert die anderen Tierkinder dazu, die Bed\u00fcrfnisse aller zu ber\u00fccksichtigen und gemeinsam L\u00f6sungen zu finden. Gelingt es ihr auch dieses Mal, die verschiedenen Meinungen und Sichtweisen in Einklang zu bringen? <strong>                                      Kindern Handlungsalternativen f\u00fcr Streitgespr\u00e4che aufzeigen<\/strong>: Die anschaulichen Tiergeschichten sind inspiriert von der Methode der Gewaltfreien Kommunikation nach Marshall B. Rosenberg. Dabei geht es darum, Gef\u00fchle und Bed\u00fcrfnisse wahrzunehmen und auszusprechen. Ein wertsch\u00e4tzendes Miteinander, Empathie und gegenseitiges Verst\u00e4ndnis helfen den Beteiligten, Konflikte harmonisch und einvernehmlich zu l\u00f6sen. Die Auseinandersetzung mit sich selbst und anderen f\u00f6rdert wichtige soziale Kompetenzen f\u00fcr einen respektvollen Umgang miteinander. Jede Geschichte ist mit liebevollen Illustrationen versehen und durch Fragen abgerundet, um \u00fcber den Inhalt zu reflektieren.                                                          Softcover, 89 Seiten, 16,00 \u20ac                                                                    Dieses und weitere B\u00fccher von Sabine Wittemeier sind auf ihrer Website (<a href=\"https:\/\/www.lendrik-buch.de\">https:\/\/www.lendrik-buch.de<\/a>) zu finden. \u00dcber ihren Web-Shop (<a href=\"https:\/\/www.lendrik-buch.de\/Buchbestellung\">https:\/\/www.lendrik-buch.de\/Buchbestellung<\/a>) k\u00f6nnen alle B\u00fccher bei ihr pers\u00f6nlich bestellt werden.<\/p>\n<\/div><\/div>\n","protected":false},"excerpt":{"rendered":"<p>Die Wolfskinder Wim und Wilma haben aus ihren Streitereien (Band 1 \u2013 Greta und die Giraffensprache) gelernt und m\u00f6chten ihre Erfahrungen gern weitergeben. So versuchen sie, in diesem zweiten Band anderen streitenden Tieren zu helfen. Doch guter Wille allein reicht nicht: Wim und Wilma fallen oft in ihr altes Konfliktverhalten zur\u00fcck und reagieren impulsiv. Nun &hellip; <a href=\"https:\/\/literatur-made-in-osnabrueck.de\/?p=947\" class=\"more-link\"><span class=\"screen-reader-text\">Sabine Wittemeier: Greta und die Giraffensprache 2<\/span> weiterlesen<\/a><\/p>\n","protected":false},"author":1,"featured_media":0,"comment_status":"closed","ping_status":"open","sticky":false,"template":"","format":"standard","meta":{"_jetpack_memberships_contains_paid_content":false,"footnotes":""},"categories":[17,19,114],"tags":[46,160,42],"class_list":["post-947","post","type-post","status-publish","format-standard","hentry","category-kinder-und-jungendbuecher","category-sachbuecher","category-wittemeier-sabine","tag-buecher","tag-gewaltfreie-kommunikation","tag-kinderbuch"],"jetpack_featured_media_url":"","jetpack_sharing_enabled":true,"_links":{"self":[{"href":"https:\/\/literatur-made-in-osnabrueck.de\/index.php?rest_route=\/wp\/v2\/posts\/947","targetHints":{"allow":["GET"]}}],"collection":[{"href":"https:\/\/literatur-made-in-osnabrueck.de\/index.php?rest_route=\/wp\/v2\/posts"}],"about":[{"href":"https:\/\/literatur-made-in-osnabrueck.de\/index.php?rest_route=\/wp\/v2\/types\/post"}],"author":[{"embeddable":true,"href":"https:\/\/literatur-made-in-osnabrueck.de\/index.php?rest_route=\/wp\/v2\/users\/1"}],"replies":[{"embeddable":true,"href":"https:\/\/literatur-made-in-osnabrueck.de\/index.php?rest_route=%2Fwp%2Fv2%2Fcomments&post=947"}],"version-history":[{"count":3,"href":"https:\/\/literatur-made-in-osnabrueck.de\/index.php?rest_route=\/wp\/v2\/posts\/947\/revisions"}],"predecessor-version":[{"id":952,"href":"https:\/\/literatur-made-in-osnabrueck.de\/index.php?rest_route=\/wp\/v2\/posts\/947\/revisions\/952"}],"wp:attachment":[{"href":"https:\/\/literatur-made-in-osnabrueck.de\/index.php?rest_route=%2Fwp%2Fv2%2Fmedia&parent=947"}],"wp:term":[{"taxonomy":"category","embeddable":true,"href":"https:\/\/literatur-made-in-osnabrueck.de\/index.php?rest_route=%2Fwp%2Fv2%2Fcategories&post=947"},{"taxonomy":"post_tag","embeddable":true,"href":"https:\/\/literatur-made-in-osnabrueck.de\/index.php?rest_route=%2Fwp%2Fv2%2Ftags&post=947"}],"curies":[{"name":"wp","href":"https:\/\/api.w.org\/{rel}","templated":true}]}}