{"id":93,"date":"2022-03-11T10:46:00","date_gmt":"2022-03-11T10:46:00","guid":{"rendered":"https:\/\/literatur-made-in-osnabrueck.de\/?p=93"},"modified":"2023-11-02T21:28:20","modified_gmt":"2023-11-02T21:28:20","slug":"tina-schick-erstes-osnabruecker-intelligenzblatt-krimi","status":"publish","type":"post","link":"https:\/\/literatur-made-in-osnabrueck.de\/?p=93","title":{"rendered":"Tina Schick: Neues Osnabr\u00fccker Intelligenzblatt, Krimi"},"content":{"rendered":"\n<div class=\"wp-block-media-text alignwide is-stacked-on-mobile\" style=\"grid-template-columns:19% auto\"><figure class=\"wp-block-media-text__media\"><img loading=\"lazy\" decoding=\"async\" width=\"313\" height=\"499\" src=\"https:\/\/literatur-made-in-osnabrueck.de\/wp-content\/uploads\/2022\/02\/Cover-Intelligenzblett-1.jpg\" alt=\"\" class=\"wp-image-94 size-full\" srcset=\"https:\/\/literatur-made-in-osnabrueck.de\/wp-content\/uploads\/2022\/02\/Cover-Intelligenzblett-1.jpg 313w, https:\/\/literatur-made-in-osnabrueck.de\/wp-content\/uploads\/2022\/02\/Cover-Intelligenzblett-1-188x300.jpg 188w\" sizes=\"auto, (max-width: 313px) 100vw, 313px\" \/><\/figure><div class=\"wp-block-media-text__content\">\n<p class=\"has-small-font-size\">2020: Der 300. Geburtstag von Justus M\u00f6ser Justus M\u00f6ser wird als einer der gro\u00dfen S\u00f6hne der Stadt Osnabr\u00fcck gefeiert. 10Kl\u00e4sslern f\u00e4llt es da jedoch schwerer, sich dem Leben und Denken M\u00f6sers anzun\u00e4hern. So spannt David, \u00e4ltester Neffe von Lisa von Suttner, gleich die ganze Familie mit ein. Spontan begibt sich Lisa mit ihren Neffen auf Streifz\u00fcge durch Osnabr\u00fcck und durch die Zeit des 18. Jahrhunderts. Klassenkamerad Justin will das Denkmal von M\u00f6ser besprayen. F\u00fcr ihn ist dieser Patriot eher ein Nazi.Doch am Denkmal erlebt er eine b\u00f6se \u00dcberraschung. Kurz darauf wird eine Leiche in dem Fluss Hase gefunden. Nun m\u00fcssen sich au Hauptkommissarin Johnny Kramer und ihr Kollege Uwe M\u00f6nning auf M\u00f6sers Spuren begeben. <\/p>\n\n\n\n<p class=\"has-small-font-size\">ISBN: 978-3752611663, 7,80 Euro<\/p>\n<\/div><\/div>\n","protected":false},"excerpt":{"rendered":"<p>2020: Der 300. Geburtstag von Justus M\u00f6ser Justus M\u00f6ser wird als einer der gro\u00dfen S\u00f6hne der Stadt Osnabr\u00fcck gefeiert. 10Kl\u00e4sslern f\u00e4llt es da jedoch schwerer, sich dem Leben und Denken M\u00f6sers anzun\u00e4hern. So spannt David, \u00e4ltester Neffe von Lisa von Suttner, gleich die ganze Familie mit ein. Spontan begibt sich Lisa mit ihren Neffen auf &hellip; <a href=\"https:\/\/literatur-made-in-osnabrueck.de\/?p=93\" class=\"more-link\"><span class=\"screen-reader-text\">Tina Schick: Neues Osnabr\u00fccker Intelligenzblatt, Krimi<\/span> weiterlesen<\/a><\/p>\n","protected":false},"author":1,"featured_media":0,"comment_status":"open","ping_status":"open","sticky":false,"template":"","format":"standard","meta":{"_jetpack_memberships_contains_paid_content":false,"footnotes":""},"categories":[161,14],"tags":[],"class_list":["post-93","post","type-post","status-publish","format-standard","hentry","category-buecher-von-tina-schick","category-krimis"],"jetpack_featured_media_url":"","jetpack_sharing_enabled":true,"_links":{"self":[{"href":"https:\/\/literatur-made-in-osnabrueck.de\/index.php?rest_route=\/wp\/v2\/posts\/93","targetHints":{"allow":["GET"]}}],"collection":[{"href":"https:\/\/literatur-made-in-osnabrueck.de\/index.php?rest_route=\/wp\/v2\/posts"}],"about":[{"href":"https:\/\/literatur-made-in-osnabrueck.de\/index.php?rest_route=\/wp\/v2\/types\/post"}],"author":[{"embeddable":true,"href":"https:\/\/literatur-made-in-osnabrueck.de\/index.php?rest_route=\/wp\/v2\/users\/1"}],"replies":[{"embeddable":true,"href":"https:\/\/literatur-made-in-osnabrueck.de\/index.php?rest_route=%2Fwp%2Fv2%2Fcomments&post=93"}],"version-history":[{"count":5,"href":"https:\/\/literatur-made-in-osnabrueck.de\/index.php?rest_route=\/wp\/v2\/posts\/93\/revisions"}],"predecessor-version":[{"id":950,"href":"https:\/\/literatur-made-in-osnabrueck.de\/index.php?rest_route=\/wp\/v2\/posts\/93\/revisions\/950"}],"wp:attachment":[{"href":"https:\/\/literatur-made-in-osnabrueck.de\/index.php?rest_route=%2Fwp%2Fv2%2Fmedia&parent=93"}],"wp:term":[{"taxonomy":"category","embeddable":true,"href":"https:\/\/literatur-made-in-osnabrueck.de\/index.php?rest_route=%2Fwp%2Fv2%2Fcategories&post=93"},{"taxonomy":"post_tag","embeddable":true,"href":"https:\/\/literatur-made-in-osnabrueck.de\/index.php?rest_route=%2Fwp%2Fv2%2Ftags&post=93"}],"curies":[{"name":"wp","href":"https:\/\/api.w.org\/{rel}","templated":true}]}}