{"id":906,"date":"2023-10-02T21:42:08","date_gmt":"2023-10-02T21:42:08","guid":{"rendered":"https:\/\/literatur-made-in-osnabrueck.de\/?p=906"},"modified":"2023-10-02T21:42:19","modified_gmt":"2023-10-02T21:42:19","slug":"krimilesung-mit-der-osnabruecker-autorin-tina-schick","status":"publish","type":"post","link":"https:\/\/literatur-made-in-osnabrueck.de\/?p=906","title":{"rendered":"Krimilesung mit der Osnabr\u00fccker Autorin Tina Schick"},"content":{"rendered":"\n<div class=\"wp-block-media-text is-stacked-on-mobile is-vertically-aligned-top\" style=\"grid-template-columns:28% auto\"><figure class=\"wp-block-media-text__media\"><img loading=\"lazy\" decoding=\"async\" width=\"729\" height=\"1024\" src=\"https:\/\/literatur-made-in-osnabrueck.de\/wp-content\/uploads\/2023\/10\/Ruller-Haus-08102023-729x1024.jpg\" alt=\"\" class=\"wp-image-905 size-full\" srcset=\"https:\/\/literatur-made-in-osnabrueck.de\/wp-content\/uploads\/2023\/10\/Ruller-Haus-08102023-729x1024.jpg 729w, https:\/\/literatur-made-in-osnabrueck.de\/wp-content\/uploads\/2023\/10\/Ruller-Haus-08102023-213x300.jpg 213w, https:\/\/literatur-made-in-osnabrueck.de\/wp-content\/uploads\/2023\/10\/Ruller-Haus-08102023-768x1080.jpg 768w, https:\/\/literatur-made-in-osnabrueck.de\/wp-content\/uploads\/2023\/10\/Ruller-Haus-08102023-1093x1536.jpg 1093w, https:\/\/literatur-made-in-osnabrueck.de\/wp-content\/uploads\/2023\/10\/Ruller-Haus-08102023.jpg 1457w\" sizes=\"auto, (max-width: 729px) 100vw, 729px\" \/><\/figure><div class=\"wp-block-media-text__content\">\n<p class=\"has-small-font-size\">Wir schreiben das Jahr 2020 &#8211; Justus M\u00f6ser wird als einer der gro\u00dfen S\u00f6hne der Stadt Osnabr\u00fcck gefeiert. 10-Kl\u00e4sslern f\u00e4llt es jedoch schwer, sich dem Leben und Denken M\u00f6sers anzun\u00e4hern. So spannt David, \u00e4ltester Neffe von Lisa von Suttner, gleich die ganze Familie in seine Schulaufgabe mit ein. Spontan begibt sich Lisa mit ihren Neffen auf Streifz\u00fcge durch Osnabr\u00fcck und durch die Zeit des 18. Jahrhunderts.<br>Klassenkamerad Justin will das Denkmal von M\u00f6ser besprayen. F\u00fcr ihn ist dieser Patriot eher ein Nazi. Doch am Denkmal erlebt er eine b\u00f6se \u00dcberraschung. Kurz darauf wird eine Leiche in der Hase gefunden. Nun m\u00fcssen sich auch Hauptkommissarin Johnny Kramer und ihr Kollege Uwe M\u00f6nning auf M\u00f6sers Spuren begeben.<\/p>\n\n\n\n<p class=\"has-small-font-size\"><strong>Tina Schick<\/strong> liest aus ihrem M\u00f6ser- Krimi \u201eNeues Osnabr\u00fccker Intelligenzblatt\u201c und erz\u00e4hlt, wie sie zum Schreiben und zu diesem Roman gekommen ist.<\/p>\n\n\n\n<p class=\"has-small-font-size\"><strong>Empfohlene Anmeldung unter Tel. 05407-8137751 (AB), <\/strong><strong><a href=\"mailto:info@rullerhaus.de\">info@rullerhaus.de<\/a><\/strong><strong> oder <a href=\"https:\/\/www.rullerhaus.de\/index.php\/programm\/teilnahmeanmeldung\">https:\/\/rullerhaus.de\/index.php\/programm\/teilnahmeanmeldung<\/a><\/strong><\/p>\n\n\n\n<p class=\"has-small-font-size\"><strong>Eintritt 16,00 \u20ac, mit WKC 8,00 \u20ac.<\/strong><\/p>\n<\/div><\/div>\n","protected":false},"excerpt":{"rendered":"<p>Wir schreiben das Jahr 2020 &#8211; Justus M\u00f6ser wird als einer der gro\u00dfen S\u00f6hne der Stadt Osnabr\u00fcck gefeiert. 10-Kl\u00e4sslern f\u00e4llt es jedoch schwer, sich dem Leben und Denken M\u00f6sers anzun\u00e4hern. So spannt David, \u00e4ltester Neffe von Lisa von Suttner, gleich die ganze Familie in seine Schulaufgabe mit ein. Spontan begibt sich Lisa mit ihren Neffen &hellip; <a href=\"https:\/\/literatur-made-in-osnabrueck.de\/?p=906\" class=\"more-link\"><span class=\"screen-reader-text\">Krimilesung mit der Osnabr\u00fccker Autorin Tina Schick<\/span> weiterlesen<\/a><\/p>\n","protected":false},"author":1,"featured_media":0,"comment_status":"closed","ping_status":"open","sticky":false,"template":"","format":"standard","meta":{"_jetpack_memberships_contains_paid_content":false,"footnotes":""},"categories":[6,21],"tags":[],"class_list":["post-906","post","type-post","status-publish","format-standard","hentry","category-lesung","category-schick_tina"],"jetpack_featured_media_url":"","jetpack_sharing_enabled":true,"_links":{"self":[{"href":"https:\/\/literatur-made-in-osnabrueck.de\/index.php?rest_route=\/wp\/v2\/posts\/906","targetHints":{"allow":["GET"]}}],"collection":[{"href":"https:\/\/literatur-made-in-osnabrueck.de\/index.php?rest_route=\/wp\/v2\/posts"}],"about":[{"href":"https:\/\/literatur-made-in-osnabrueck.de\/index.php?rest_route=\/wp\/v2\/types\/post"}],"author":[{"embeddable":true,"href":"https:\/\/literatur-made-in-osnabrueck.de\/index.php?rest_route=\/wp\/v2\/users\/1"}],"replies":[{"embeddable":true,"href":"https:\/\/literatur-made-in-osnabrueck.de\/index.php?rest_route=%2Fwp%2Fv2%2Fcomments&post=906"}],"version-history":[{"count":2,"href":"https:\/\/literatur-made-in-osnabrueck.de\/index.php?rest_route=\/wp\/v2\/posts\/906\/revisions"}],"predecessor-version":[{"id":908,"href":"https:\/\/literatur-made-in-osnabrueck.de\/index.php?rest_route=\/wp\/v2\/posts\/906\/revisions\/908"}],"wp:attachment":[{"href":"https:\/\/literatur-made-in-osnabrueck.de\/index.php?rest_route=%2Fwp%2Fv2%2Fmedia&parent=906"}],"wp:term":[{"taxonomy":"category","embeddable":true,"href":"https:\/\/literatur-made-in-osnabrueck.de\/index.php?rest_route=%2Fwp%2Fv2%2Fcategories&post=906"},{"taxonomy":"post_tag","embeddable":true,"href":"https:\/\/literatur-made-in-osnabrueck.de\/index.php?rest_route=%2Fwp%2Fv2%2Ftags&post=906"}],"curies":[{"name":"wp","href":"https:\/\/api.w.org\/{rel}","templated":true}]}}