{"id":768,"date":"2023-05-10T21:40:41","date_gmt":"2023-05-10T21:40:41","guid":{"rendered":"https:\/\/literatur-made-in-osnabrueck.de\/?p=768"},"modified":"2023-05-20T21:44:42","modified_gmt":"2023-05-20T21:44:42","slug":"osnabruecker-friedensbuch-herausgeber-stadt-osnabrueck","status":"publish","type":"post","link":"https:\/\/literatur-made-in-osnabrueck.de\/?p=768","title":{"rendered":"Osnabr\u00fccker Friedensbuch (Herausgeber: Stadt Osnabr\u00fcck)"},"content":{"rendered":"\n<div class=\"wp-block-media-text alignwide is-stacked-on-mobile is-vertically-aligned-top\" style=\"grid-template-columns:36% auto\"><figure class=\"wp-block-media-text__media\"><img loading=\"lazy\" decoding=\"async\" width=\"340\" height=\"499\" src=\"https:\/\/literatur-made-in-osnabrueck.de\/wp-content\/uploads\/2023\/05\/Osnabruecker-Friedensbuch.jpg\" alt=\"\" class=\"wp-image-769 size-full\" srcset=\"https:\/\/literatur-made-in-osnabrueck.de\/wp-content\/uploads\/2023\/05\/Osnabruecker-Friedensbuch.jpg 340w, https:\/\/literatur-made-in-osnabrueck.de\/wp-content\/uploads\/2023\/05\/Osnabruecker-Friedensbuch-204x300.jpg 204w\" sizes=\"auto, (max-width: 340px) 100vw, 340px\" \/><\/figure><div class=\"wp-block-media-text__content\">\n<p class=\"has-small-font-size\">Der Bildband richtet sich an alle, die auf unterhaltsame Art erfahren m\u00f6chten, warum Osnabr\u00fcck &#8222;Friedensstadt&#8220; ist und wie der Friedensgedanke in der Stadt gelebt wird. Der Westf\u00e4lische Frieden, der 1648 den Drei\u00dfigj\u00e4hrigen Krieg beendetete, wurde in Osnabr\u00fcck und M\u00fcnster verhandelt. Dieses historische Erbe bedeutet f\u00fcr Osnabr\u00fcck Verpflichtung und Aufgabe zugleich. Das spiegelt sich in zahlreichen Institutionen, Veranstaltungen und Initiativen wider. In dem vorliegenden Bildband sind sie ebenso wie die Geschichte und Bedeutung des Westf\u00e4lischen Friedens beschrieben. Der Schriftsteller Erich Maria Remarque und der Maler Felix Nussbaum, zwei weltber\u00fchmte K\u00fcnstler, sind in Osnabr\u00fcck geboren und aufgewachsen. Beide bezogen in ihren Werken Stellung gegen das Nazi-Regime. Felix-Nussbaum-Haus und Remarquezentrum sind in diesem Buch neben zahlreichen weiteren Einrichtungen und Instituten zu finden, die sich auf verschiedene Weise um die Erinnerungskultur k\u00fcmmern oder sich dem &#8222;Frieden als Aufgabe&#8220; verschrieben haben. Die Texte sind u.a. von Wilhelm von Sternburg, Alexander Menden (S\u00fcddeutsche Zeitung) oder Prof. Dr. Siegrid Westphal (Universit\u00e4t Osnabr\u00fcck) verfasst. Interviews mit dem Architekten des Felix-Nussbaum-Hauses, Daniel Libeskind, und mit den beiden Ehrenb\u00fcrgern der Stadt Osnabr\u00fcck, Bundespr\u00e4sident a.D. Christian Wulf und Ex-Oberb\u00fcrgermeister Hans-J\u00fcrgen Fip, sind f\u00fcr diese Publikation gef\u00fchrt worden. Die wichtigsten Texte sind \u00fcber einen QR-Code im Buch als H\u00f6rtexte abrufbar, gelesen von Ludger Abeln. Im Jahr 2023 feiert Osnabr\u00fcck 375 Jahre Westf\u00e4lischer Frieden mit einem gro\u00dfen Jubil\u00e4umsprogramm. Im Buch befindet sich ein zus\u00e4tzlicher Druck der Illustration (ca. DinA4) von Regina Kehn &#8222;Steckenpferdreiten&#8220; in einer Einstecktasche. Einige Texte aus dem Buch \u201eOsnabr\u00fccker Friedensbuch\u201c k\u00f6nnen Sie hier als H\u00f6rtexte anh\u00f6ren, gelesen von Ludger Abeln, H\u00f6rtexte: \u00a9 Stadt Osnabr\u00fcck: <a href=\"https:\/\/friedensstadt.osnabrueck.de\/de\/was-wir-machen\/osnabruecker-friedensbuch\/\" target=\"_blank\" rel=\"noreferrer noopener\">https:\/\/friedensstadt.osnabrueck.de\/de\/was-wir-machen\/osnabruecker-friedensbuch\/<\/a>\u200e ISBN: 978-3922439097, 17,99 Euro, erh\u00e4ltlich bei der Tourist-Information Osnabr\u00fcck<\/p>\n<\/div><\/div>\n","protected":false},"excerpt":{"rendered":"<p>Der Bildband richtet sich an alle, die auf unterhaltsame Art erfahren m\u00f6chten, warum Osnabr\u00fcck &#8222;Friedensstadt&#8220; ist und wie der Friedensgedanke in der Stadt gelebt wird. Der Westf\u00e4lische Frieden, der 1648 den Drei\u00dfigj\u00e4hrigen Krieg beendetete, wurde in Osnabr\u00fcck und M\u00fcnster verhandelt. Dieses historische Erbe bedeutet f\u00fcr Osnabr\u00fcck Verpflichtung und Aufgabe zugleich. Das spiegelt sich in zahlreichen &hellip; <a href=\"https:\/\/literatur-made-in-osnabrueck.de\/?p=768\" class=\"more-link\"><span class=\"screen-reader-text\">Osnabr\u00fccker Friedensbuch (Herausgeber: Stadt Osnabr\u00fcck)<\/span> weiterlesen<\/a><\/p>\n","protected":false},"author":1,"featured_media":0,"comment_status":"closed","ping_status":"open","sticky":false,"template":"","format":"standard","meta":{"_jetpack_memberships_contains_paid_content":false,"footnotes":""},"categories":[15,19],"tags":[],"class_list":["post-768","post","type-post","status-publish","format-standard","hentry","category-buecher","category-sachbuecher"],"jetpack_featured_media_url":"","jetpack_sharing_enabled":true,"_links":{"self":[{"href":"https:\/\/literatur-made-in-osnabrueck.de\/index.php?rest_route=\/wp\/v2\/posts\/768","targetHints":{"allow":["GET"]}}],"collection":[{"href":"https:\/\/literatur-made-in-osnabrueck.de\/index.php?rest_route=\/wp\/v2\/posts"}],"about":[{"href":"https:\/\/literatur-made-in-osnabrueck.de\/index.php?rest_route=\/wp\/v2\/types\/post"}],"author":[{"embeddable":true,"href":"https:\/\/literatur-made-in-osnabrueck.de\/index.php?rest_route=\/wp\/v2\/users\/1"}],"replies":[{"embeddable":true,"href":"https:\/\/literatur-made-in-osnabrueck.de\/index.php?rest_route=%2Fwp%2Fv2%2Fcomments&post=768"}],"version-history":[{"count":1,"href":"https:\/\/literatur-made-in-osnabrueck.de\/index.php?rest_route=\/wp\/v2\/posts\/768\/revisions"}],"predecessor-version":[{"id":770,"href":"https:\/\/literatur-made-in-osnabrueck.de\/index.php?rest_route=\/wp\/v2\/posts\/768\/revisions\/770"}],"wp:attachment":[{"href":"https:\/\/literatur-made-in-osnabrueck.de\/index.php?rest_route=%2Fwp%2Fv2%2Fmedia&parent=768"}],"wp:term":[{"taxonomy":"category","embeddable":true,"href":"https:\/\/literatur-made-in-osnabrueck.de\/index.php?rest_route=%2Fwp%2Fv2%2Fcategories&post=768"},{"taxonomy":"post_tag","embeddable":true,"href":"https:\/\/literatur-made-in-osnabrueck.de\/index.php?rest_route=%2Fwp%2Fv2%2Ftags&post=768"}],"curies":[{"name":"wp","href":"https:\/\/api.w.org\/{rel}","templated":true}]}}