{"id":762,"date":"2023-05-20T20:32:34","date_gmt":"2023-05-20T20:32:34","guid":{"rendered":"https:\/\/literatur-made-in-osnabrueck.de\/?p=762"},"modified":"2023-05-20T20:32:36","modified_gmt":"2023-05-20T20:32:36","slug":"ingo-m-ebert-schaf-rosa-liebt-rosa-kinderbuch","status":"publish","type":"post","link":"https:\/\/literatur-made-in-osnabrueck.de\/?p=762","title":{"rendered":"Ingo M. Ebert: Schaf Rosa liebt rosa (Kinderbuch)"},"content":{"rendered":"\n<div class=\"wp-block-media-text alignwide is-stacked-on-mobile is-vertically-aligned-top\"><figure class=\"wp-block-media-text__media\"><img loading=\"lazy\" decoding=\"async\" width=\"696\" height=\"701\" src=\"https:\/\/literatur-made-in-osnabrueck.de\/wp-content\/uploads\/2023\/05\/Cover.png\" alt=\"\" class=\"wp-image-763 size-full\" srcset=\"https:\/\/literatur-made-in-osnabrueck.de\/wp-content\/uploads\/2023\/05\/Cover.png 696w, https:\/\/literatur-made-in-osnabrueck.de\/wp-content\/uploads\/2023\/05\/Cover-298x300.png 298w, https:\/\/literatur-made-in-osnabrueck.de\/wp-content\/uploads\/2023\/05\/Cover-150x150.png 150w\" sizes=\"auto, (max-width: 696px) 100vw, 696px\" \/><\/figure><div class=\"wp-block-media-text__content\">\n<p class=\"has-small-font-size\">Hallo, mein Name ist Rosa und ich lebe mit meiner Familie und vielen anderen Schafen auf dem Hof von Sch\u00e4fer Norbert in Langenburg im S\u00fcden Deutschlands. <\/p>\n\n\n\n<p class=\"has-small-font-size\">Warum ich Rosa hei\u00dfe? Weil mein Fell rosa ist und ich die Farbe rosa \u00fcber alles liebe. Einige Schafe lachen \u00fcber mich, sind neidisch auf mein farbiges Fell und m\u00f6chten auch gern irgendwie bunt sein. Das bringt mich auf eine Idee. Und pl\u00f6tzlich wird&#8217;s regenbogenbunt auf dem Hof. Lilablaue Schafe laufen \u00fcber die Wiese und rosa K\u00e4se blubbert im Kessel. Was ist den da los in der Schafsk\u00e4serei? <\/p>\n\n\n\n<p class=\"has-small-font-size\">ISBN: 978-3-9822772-6-4, 4,99 Euro<\/p>\n<\/div><\/div>\n","protected":false},"excerpt":{"rendered":"<p>Hallo, mein Name ist Rosa und ich lebe mit meiner Familie und vielen anderen Schafen auf dem Hof von Sch\u00e4fer Norbert in Langenburg im S\u00fcden Deutschlands. Warum ich Rosa hei\u00dfe? Weil mein Fell rosa ist und ich die Farbe rosa \u00fcber alles liebe. Einige Schafe lachen \u00fcber mich, sind neidisch auf mein farbiges Fell und &hellip; <a href=\"https:\/\/literatur-made-in-osnabrueck.de\/?p=762\" class=\"more-link\"><span class=\"screen-reader-text\">Ingo M. Ebert: Schaf Rosa liebt rosa (Kinderbuch)<\/span> weiterlesen<\/a><\/p>\n","protected":false},"author":1,"featured_media":0,"comment_status":"closed","ping_status":"open","sticky":false,"template":"","format":"standard","meta":{"_jetpack_memberships_contains_paid_content":false,"footnotes":""},"categories":[10,15,41,17],"tags":[],"class_list":["post-762","post","type-post","status-publish","format-standard","hentry","category-autorinnen-und-autoren","category-buecher","category-ingo-m-ebert","category-kinder-und-jungendbuecher"],"jetpack_featured_media_url":"","jetpack_sharing_enabled":true,"_links":{"self":[{"href":"https:\/\/literatur-made-in-osnabrueck.de\/index.php?rest_route=\/wp\/v2\/posts\/762","targetHints":{"allow":["GET"]}}],"collection":[{"href":"https:\/\/literatur-made-in-osnabrueck.de\/index.php?rest_route=\/wp\/v2\/posts"}],"about":[{"href":"https:\/\/literatur-made-in-osnabrueck.de\/index.php?rest_route=\/wp\/v2\/types\/post"}],"author":[{"embeddable":true,"href":"https:\/\/literatur-made-in-osnabrueck.de\/index.php?rest_route=\/wp\/v2\/users\/1"}],"replies":[{"embeddable":true,"href":"https:\/\/literatur-made-in-osnabrueck.de\/index.php?rest_route=%2Fwp%2Fv2%2Fcomments&post=762"}],"version-history":[{"count":1,"href":"https:\/\/literatur-made-in-osnabrueck.de\/index.php?rest_route=\/wp\/v2\/posts\/762\/revisions"}],"predecessor-version":[{"id":764,"href":"https:\/\/literatur-made-in-osnabrueck.de\/index.php?rest_route=\/wp\/v2\/posts\/762\/revisions\/764"}],"wp:attachment":[{"href":"https:\/\/literatur-made-in-osnabrueck.de\/index.php?rest_route=%2Fwp%2Fv2%2Fmedia&parent=762"}],"wp:term":[{"taxonomy":"category","embeddable":true,"href":"https:\/\/literatur-made-in-osnabrueck.de\/index.php?rest_route=%2Fwp%2Fv2%2Fcategories&post=762"},{"taxonomy":"post_tag","embeddable":true,"href":"https:\/\/literatur-made-in-osnabrueck.de\/index.php?rest_route=%2Fwp%2Fv2%2Ftags&post=762"}],"curies":[{"name":"wp","href":"https:\/\/api.w.org\/{rel}","templated":true}]}}