{"id":576,"date":"2022-09-11T20:56:00","date_gmt":"2022-09-11T20:56:00","guid":{"rendered":"https:\/\/literatur-made-in-osnabrueck.de\/?p=576"},"modified":"2022-09-18T21:00:46","modified_gmt":"2022-09-18T21:00:46","slug":"lichter-in-den-hoefen-am-24-09-2022","status":"publish","type":"post","link":"https:\/\/literatur-made-in-osnabrueck.de\/?p=576","title":{"rendered":"Lichter in den H\u00f6fen am 24.09.2022"},"content":{"rendered":"\n<p><strong>In diesem Jahr gibt es sie endlich wieder, die &#8222;Lichter in den H\u00f6fen&#8220; im Osnabr\u00fccker Rosenplatzquartier!<\/strong><\/p>\n\n\n\n<p>Unter anderem lesen am 24. September 2022 ab 18.00 Uhr in den &#8222;Rosenh\u00f6fen&#8220; (um den Deisterweg herum) die Osnabr\u00fccker Autorinnen<strong> Tina Schick und Kerstin Broszat<\/strong> H\u00e4ppchen aus ihren bislang erschienen Werken von Krimi \u00fcber Familien- und Kindergeschichten bis zu Fantasy.<\/p>\n\n\n\n<figure class=\"wp-block-image size-large\"><img loading=\"lazy\" decoding=\"async\" width=\"1024\" height=\"724\" src=\"https:\/\/literatur-made-in-osnabrueck.de\/wp-content\/uploads\/2022\/08\/Seite-2-Lichter-in-den-Hoefen.pdf-1024x724.jpg\" alt=\"\" class=\"wp-image-575\" srcset=\"https:\/\/literatur-made-in-osnabrueck.de\/wp-content\/uploads\/2022\/08\/Seite-2-Lichter-in-den-Hoefen.pdf-1024x724.jpg 1024w, https:\/\/literatur-made-in-osnabrueck.de\/wp-content\/uploads\/2022\/08\/Seite-2-Lichter-in-den-Hoefen.pdf-300x212.jpg 300w, https:\/\/literatur-made-in-osnabrueck.de\/wp-content\/uploads\/2022\/08\/Seite-2-Lichter-in-den-Hoefen.pdf-768x543.jpg 768w, https:\/\/literatur-made-in-osnabrueck.de\/wp-content\/uploads\/2022\/08\/Seite-2-Lichter-in-den-Hoefen.pdf-1536x1086.jpg 1536w, https:\/\/literatur-made-in-osnabrueck.de\/wp-content\/uploads\/2022\/08\/Seite-2-Lichter-in-den-Hoefen.pdf-2048x1448.jpg 2048w\" sizes=\"auto, (max-width: 1024px) 100vw, 1024px\" \/><\/figure>\n","protected":false},"excerpt":{"rendered":"<p>In diesem Jahr gibt es sie endlich wieder, die &#8222;Lichter in den H\u00f6fen&#8220; im Osnabr\u00fccker Rosenplatzquartier! Unter anderem lesen am 24. September 2022 ab 18.00 Uhr in den &#8222;Rosenh\u00f6fen&#8220; (um den Deisterweg herum) die Osnabr\u00fccker Autorinnen Tina Schick und Kerstin Broszat H\u00e4ppchen aus ihren bislang erschienen Werken von Krimi \u00fcber Familien- und Kindergeschichten bis zu &hellip; <a href=\"https:\/\/literatur-made-in-osnabrueck.de\/?p=576\" class=\"more-link\"><span class=\"screen-reader-text\">Lichter in den H\u00f6fen am 24.09.2022<\/span> weiterlesen<\/a><\/p>\n","protected":false},"author":1,"featured_media":0,"comment_status":"closed","ping_status":"open","sticky":false,"template":"","format":"standard","meta":{"_jetpack_memberships_contains_paid_content":false,"footnotes":""},"categories":[45,6,21],"tags":[],"class_list":["post-576","post","type-post","status-publish","format-standard","hentry","category-kerstin-broszat","category-lesung","category-schick_tina"],"jetpack_featured_media_url":"","jetpack_sharing_enabled":true,"_links":{"self":[{"href":"https:\/\/literatur-made-in-osnabrueck.de\/index.php?rest_route=\/wp\/v2\/posts\/576","targetHints":{"allow":["GET"]}}],"collection":[{"href":"https:\/\/literatur-made-in-osnabrueck.de\/index.php?rest_route=\/wp\/v2\/posts"}],"about":[{"href":"https:\/\/literatur-made-in-osnabrueck.de\/index.php?rest_route=\/wp\/v2\/types\/post"}],"author":[{"embeddable":true,"href":"https:\/\/literatur-made-in-osnabrueck.de\/index.php?rest_route=\/wp\/v2\/users\/1"}],"replies":[{"embeddable":true,"href":"https:\/\/literatur-made-in-osnabrueck.de\/index.php?rest_route=%2Fwp%2Fv2%2Fcomments&post=576"}],"version-history":[{"count":1,"href":"https:\/\/literatur-made-in-osnabrueck.de\/index.php?rest_route=\/wp\/v2\/posts\/576\/revisions"}],"predecessor-version":[{"id":577,"href":"https:\/\/literatur-made-in-osnabrueck.de\/index.php?rest_route=\/wp\/v2\/posts\/576\/revisions\/577"}],"wp:attachment":[{"href":"https:\/\/literatur-made-in-osnabrueck.de\/index.php?rest_route=%2Fwp%2Fv2%2Fmedia&parent=576"}],"wp:term":[{"taxonomy":"category","embeddable":true,"href":"https:\/\/literatur-made-in-osnabrueck.de\/index.php?rest_route=%2Fwp%2Fv2%2Fcategories&post=576"},{"taxonomy":"post_tag","embeddable":true,"href":"https:\/\/literatur-made-in-osnabrueck.de\/index.php?rest_route=%2Fwp%2Fv2%2Ftags&post=576"}],"curies":[{"name":"wp","href":"https:\/\/api.w.org\/{rel}","templated":true}]}}