{"id":558,"date":"2022-03-20T21:29:00","date_gmt":"2022-03-20T21:29:00","guid":{"rendered":"https:\/\/literatur-made-in-osnabrueck.de\/?p=558"},"modified":"2022-08-13T21:33:26","modified_gmt":"2022-08-13T21:33:26","slug":"harald-keller-tod-auf-dem-zauberberg-kuren-kneippen-sterben-krimi","status":"publish","type":"post","link":"https:\/\/literatur-made-in-osnabrueck.de\/?p=558","title":{"rendered":"Harald Keller: Tod auf dem Zauberberg &#8211; Kuren, kneippen \u2026 sterben (Krimi)"},"content":{"rendered":"\n<div class=\"wp-block-media-text alignwide is-stacked-on-mobile\" style=\"grid-template-columns:24% auto\"><figure class=\"wp-block-media-text__media\"><img loading=\"lazy\" decoding=\"async\" width=\"285\" height=\"448\" src=\"https:\/\/literatur-made-in-osnabrueck.de\/wp-content\/uploads\/2022\/08\/00.-Tod-auf-dem-Zauberberg-Cover-neu-600.jpg\" alt=\"\" class=\"wp-image-559 size-full\" srcset=\"https:\/\/literatur-made-in-osnabrueck.de\/wp-content\/uploads\/2022\/08\/00.-Tod-auf-dem-Zauberberg-Cover-neu-600.jpg 285w, https:\/\/literatur-made-in-osnabrueck.de\/wp-content\/uploads\/2022\/08\/00.-Tod-auf-dem-Zauberberg-Cover-neu-600-191x300.jpg 191w\" sizes=\"auto, (max-width: 285px) 100vw, 285px\" \/><\/figure><div class=\"wp-block-media-text__content\">\n<p class=\"has-small-font-size\"><strong>Taunus-Reha-Krimi<\/strong>: Fr\u00fch am Morgen ist Hauptkommissar Bj\u00f6rn Lohse auf der A 3 unterwegs zu seiner Limburger Dienststelle, als er von dort telefonisch umdirigiert wird. In einer gro\u00dfen Reha-Klinik am Taunusrand hat es ein Gewaltdelikt gegeben. Die \u00f6rtlichen Kollegen sind sich sicher: Fremdeinwirkung. Der Augenschein gibt ihnen recht. Auf Lohse wartet ein f\u00fcrchterlicher Anblick. Eine Mitarbeiterin der Verwaltung ist brutal ermordet worden. Die Mordkommission steht unter Zeitdruck: T\u00e4glich werden Patienten entlassen. Einer von ihnen k\u00f6nnte der T\u00e4ter sein. Oder die T\u00e4terin. Der Fall erfordert Ermittlungen in mehreren Richtungen. Die Tote hatte sich in und au\u00dferhalb der Klinik viele Feinde gemacht. Rache? Eine Eifersuchtstat? Oder wollte jemand eine unliebsame Zeugin zum Schweigen bringen? Lohse und seine Mitarbeiter beziehen Posten in der Klinik, inmitten des Kurbetriebs. Stets kritisch be\u00e4ugt von Patienten und \u00c4rzten &#8230;<\/p>\n\n\n\n<p class=\"has-small-font-size\">Epubli 2020, ISBN-13: 9783752995992, 13,99\u20ac<br><br><\/p>\n<\/div><\/div>\n","protected":false},"excerpt":{"rendered":"<p>Taunus-Reha-Krimi: Fr\u00fch am Morgen ist Hauptkommissar Bj\u00f6rn Lohse auf der A 3 unterwegs zu seiner Limburger Dienststelle, als er von dort telefonisch umdirigiert wird. In einer gro\u00dfen Reha-Klinik am Taunusrand hat es ein Gewaltdelikt gegeben. Die \u00f6rtlichen Kollegen sind sich sicher: Fremdeinwirkung. Der Augenschein gibt ihnen recht. Auf Lohse wartet ein f\u00fcrchterlicher Anblick. Eine Mitarbeiterin &hellip; <a href=\"https:\/\/literatur-made-in-osnabrueck.de\/?p=558\" class=\"more-link\"><span class=\"screen-reader-text\">Harald Keller: Tod auf dem Zauberberg &#8211; Kuren, kneippen \u2026 sterben (Krimi)<\/span> weiterlesen<\/a><\/p>\n","protected":false},"author":1,"featured_media":0,"comment_status":"closed","ping_status":"open","sticky":false,"template":"","format":"standard","meta":{"_jetpack_memberships_contains_paid_content":false,"footnotes":""},"categories":[93,14],"tags":[],"class_list":["post-558","post","type-post","status-publish","format-standard","hentry","category-harald-keller","category-krimis"],"jetpack_featured_media_url":"","jetpack_sharing_enabled":true,"_links":{"self":[{"href":"https:\/\/literatur-made-in-osnabrueck.de\/index.php?rest_route=\/wp\/v2\/posts\/558","targetHints":{"allow":["GET"]}}],"collection":[{"href":"https:\/\/literatur-made-in-osnabrueck.de\/index.php?rest_route=\/wp\/v2\/posts"}],"about":[{"href":"https:\/\/literatur-made-in-osnabrueck.de\/index.php?rest_route=\/wp\/v2\/types\/post"}],"author":[{"embeddable":true,"href":"https:\/\/literatur-made-in-osnabrueck.de\/index.php?rest_route=\/wp\/v2\/users\/1"}],"replies":[{"embeddable":true,"href":"https:\/\/literatur-made-in-osnabrueck.de\/index.php?rest_route=%2Fwp%2Fv2%2Fcomments&post=558"}],"version-history":[{"count":1,"href":"https:\/\/literatur-made-in-osnabrueck.de\/index.php?rest_route=\/wp\/v2\/posts\/558\/revisions"}],"predecessor-version":[{"id":560,"href":"https:\/\/literatur-made-in-osnabrueck.de\/index.php?rest_route=\/wp\/v2\/posts\/558\/revisions\/560"}],"wp:attachment":[{"href":"https:\/\/literatur-made-in-osnabrueck.de\/index.php?rest_route=%2Fwp%2Fv2%2Fmedia&parent=558"}],"wp:term":[{"taxonomy":"category","embeddable":true,"href":"https:\/\/literatur-made-in-osnabrueck.de\/index.php?rest_route=%2Fwp%2Fv2%2Fcategories&post=558"},{"taxonomy":"post_tag","embeddable":true,"href":"https:\/\/literatur-made-in-osnabrueck.de\/index.php?rest_route=%2Fwp%2Fv2%2Ftags&post=558"}],"curies":[{"name":"wp","href":"https:\/\/api.w.org\/{rel}","templated":true}]}}