{"id":554,"date":"2022-05-17T21:19:00","date_gmt":"2022-05-17T21:19:00","guid":{"rendered":"https:\/\/literatur-made-in-osnabrueck.de\/?p=554"},"modified":"2023-02-23T21:27:42","modified_gmt":"2023-02-23T21:27:42","slug":"harald-keller-mordspensum-krimi","status":"publish","type":"post","link":"https:\/\/literatur-made-in-osnabrueck.de\/?p=554","title":{"rendered":"Harald Keller: Mordspensum (Krimi)"},"content":{"rendered":"\n<div class=\"wp-block-media-text alignwide is-stacked-on-mobile is-vertically-aligned-top\" style=\"grid-template-columns:23% auto\"><figure class=\"wp-block-media-text__media\"><img loading=\"lazy\" decoding=\"async\" width=\"294\" height=\"448\" src=\"https:\/\/literatur-made-in-osnabrueck.de\/wp-content\/uploads\/2022\/08\/Mordspensum-600-Cover.jpg\" alt=\"\" class=\"wp-image-555 size-full\" srcset=\"https:\/\/literatur-made-in-osnabrueck.de\/wp-content\/uploads\/2022\/08\/Mordspensum-600-Cover.jpg 294w, https:\/\/literatur-made-in-osnabrueck.de\/wp-content\/uploads\/2022\/08\/Mordspensum-600-Cover-197x300.jpg 197w\" sizes=\"auto, (max-width: 294px) 100vw, 294px\" \/><\/figure><div class=\"wp-block-media-text__content\">\n<p class=\"has-small-font-size\"><strong>80er-Jahre-Krimi mit Glossar<\/strong>: Eine nieders\u00e4chsische Kreisstadt Mitte der 80er. In der Kanalschleuse schwimmt eine Tote. Wenig sp\u00e4ter stirbt ein Barbesitzer. Zwei F\u00e4lle, zwei Mordkommissionen. Einer der Ermittler: Kommissar Gr\u00e4ber. Erfahren. Bew\u00e4hrt. Beiseitegedr\u00e4ngt. Sabine K\u00fchne ist neu in der Kriminalwache. Von den M\u00e4nnern bel\u00e4chelt, mit Nebent\u00e4tigkeiten abgespeist. Gr\u00e4ber und K\u00fchne. Zwei Au\u00dfenseiter &#8211; ein Team. Die Spuren f\u00fchren zu einem Immobilienk\u00f6nig, in ein Internat, ins Rotlichtmilieu. In die Vergangenheit. Geoffrey McCormick von der britischen Milit\u00e4rpolizei leistet Amtshilfe. Und der Geheimdienst MI6 h\u00f6rt mit &#8230; Ein spannender Krimi mit dem Zeitkolorit der 80er. Videokassetten, Walkman, Schallplatten. Im Radio Stevie Wonder, Robert Palmer, Ina Deter, U2, Nena. Polizeiarbeit ohne Handys, DNA-Analytik, Computer. Fax statt Mail, Stra\u00dfenkarte statt Navi, Pager statt SMS. Umst\u00e4ndlich. Aber nicht aussichtslos.<\/p>\n\n\n\n<p class=\"has-small-font-size\">Oktober Verlag 2021, ISBN-13: 9783946938637, 16,90\u20ac<br><br><\/p>\n<\/div><\/div>\n","protected":false},"excerpt":{"rendered":"<p>80er-Jahre-Krimi mit Glossar: Eine nieders\u00e4chsische Kreisstadt Mitte der 80er. In der Kanalschleuse schwimmt eine Tote. Wenig sp\u00e4ter stirbt ein Barbesitzer. Zwei F\u00e4lle, zwei Mordkommissionen. Einer der Ermittler: Kommissar Gr\u00e4ber. Erfahren. Bew\u00e4hrt. Beiseitegedr\u00e4ngt. Sabine K\u00fchne ist neu in der Kriminalwache. Von den M\u00e4nnern bel\u00e4chelt, mit Nebent\u00e4tigkeiten abgespeist. Gr\u00e4ber und K\u00fchne. Zwei Au\u00dfenseiter &#8211; ein Team. Die &hellip; <a href=\"https:\/\/literatur-made-in-osnabrueck.de\/?p=554\" class=\"more-link\"><span class=\"screen-reader-text\">Harald Keller: Mordspensum (Krimi)<\/span> weiterlesen<\/a><\/p>\n","protected":false},"author":1,"featured_media":0,"comment_status":"closed","ping_status":"open","sticky":false,"template":"","format":"standard","meta":{"_jetpack_memberships_contains_paid_content":false,"footnotes":""},"categories":[93,14],"tags":[],"class_list":["post-554","post","type-post","status-publish","format-standard","hentry","category-harald-keller","category-krimis"],"jetpack_featured_media_url":"","jetpack_sharing_enabled":true,"_links":{"self":[{"href":"https:\/\/literatur-made-in-osnabrueck.de\/index.php?rest_route=\/wp\/v2\/posts\/554","targetHints":{"allow":["GET"]}}],"collection":[{"href":"https:\/\/literatur-made-in-osnabrueck.de\/index.php?rest_route=\/wp\/v2\/posts"}],"about":[{"href":"https:\/\/literatur-made-in-osnabrueck.de\/index.php?rest_route=\/wp\/v2\/types\/post"}],"author":[{"embeddable":true,"href":"https:\/\/literatur-made-in-osnabrueck.de\/index.php?rest_route=\/wp\/v2\/users\/1"}],"replies":[{"embeddable":true,"href":"https:\/\/literatur-made-in-osnabrueck.de\/index.php?rest_route=%2Fwp%2Fv2%2Fcomments&post=554"}],"version-history":[{"count":2,"href":"https:\/\/literatur-made-in-osnabrueck.de\/index.php?rest_route=\/wp\/v2\/posts\/554\/revisions"}],"predecessor-version":[{"id":686,"href":"https:\/\/literatur-made-in-osnabrueck.de\/index.php?rest_route=\/wp\/v2\/posts\/554\/revisions\/686"}],"wp:attachment":[{"href":"https:\/\/literatur-made-in-osnabrueck.de\/index.php?rest_route=%2Fwp%2Fv2%2Fmedia&parent=554"}],"wp:term":[{"taxonomy":"category","embeddable":true,"href":"https:\/\/literatur-made-in-osnabrueck.de\/index.php?rest_route=%2Fwp%2Fv2%2Fcategories&post=554"},{"taxonomy":"post_tag","embeddable":true,"href":"https:\/\/literatur-made-in-osnabrueck.de\/index.php?rest_route=%2Fwp%2Fv2%2Ftags&post=554"}],"curies":[{"name":"wp","href":"https:\/\/api.w.org\/{rel}","templated":true}]}}