{"id":464,"date":"2022-08-10T20:09:00","date_gmt":"2022-08-10T20:09:00","guid":{"rendered":"https:\/\/literatur-made-in-osnabrueck.de\/?p=464"},"modified":"2023-02-23T21:23:47","modified_gmt":"2023-02-23T21:23:47","slug":"katharina-haarjohann-die-erleuchtung-sachbuch","status":"publish","type":"post","link":"https:\/\/literatur-made-in-osnabrueck.de\/?p=464","title":{"rendered":"Katharina Haarjohann: Die Erleuchtung (Sachbuch)"},"content":{"rendered":"\n<div class=\"wp-block-media-text alignwide is-stacked-on-mobile is-vertically-aligned-top\" style=\"grid-template-columns:23% auto\"><figure class=\"wp-block-media-text__media\"><img loading=\"lazy\" decoding=\"async\" width=\"395\" height=\"600\" src=\"https:\/\/literatur-made-in-osnabrueck.de\/wp-content\/uploads\/2022\/07\/Erleuchtung_Cover-600.jpg\" alt=\"\" class=\"wp-image-465 size-full\" srcset=\"https:\/\/literatur-made-in-osnabrueck.de\/wp-content\/uploads\/2022\/07\/Erleuchtung_Cover-600.jpg 395w, https:\/\/literatur-made-in-osnabrueck.de\/wp-content\/uploads\/2022\/07\/Erleuchtung_Cover-600-198x300.jpg 198w\" sizes=\"auto, (max-width: 395px) 100vw, 395px\" \/><\/figure><div class=\"wp-block-media-text__content\">\n<p class=\"has-small-font-size\">Ein Schicksalsschlag brachte Katharina dazu, sich ungew\u00f6hnlich fr\u00fch mit Pers\u00f6nlichkeitsentwicklung zu befassen. \u201eDie Erleuchtung\u201c ist ein mit autobiografischen Geschichten angereicherter Ratgeber, der dazu animiert, jede Sekunde des Lebens zu zelebrieren. <a href=\"https:\/\/linktr.ee\/katharina_haarjohann\" target=\"_blank\" rel=\"noreferrer noopener\">https:\/\/linktr.ee\/katharina_haarjohann<\/a><\/p>\n\n\n\n<p class=\"has-small-font-size\"><em>F\u00fchlst Du Dich von Deinem Alltag auch oft gestresst?<\/em> <em>Bist mit Deinen Emotionen immer wieder \u00fcberfordert?<\/em> <em>Fragst Du Dich auch manchmal, wie andere es schaffen,&nbsp;ihr Leben scheinbar m\u00fchelos zu meistern?<\/em> <\/p>\n\n\n\n<p class=\"has-small-font-size\">Katharina m\u00f6chte Dir zeigen, wie Du Deine Pers\u00f6nlichkeit so weiterentwickeln kannst, dass Du auch im Sturm des Alltags bestehst, zufrieden und gefestigt. Sie&nbsp;zeigt&nbsp;Dir, wie Du mit Dir selbst ins Reine kommst, Dich bedingungslos liebst und dem Leben g\u00e4nzlich vertraust \u2013 denn das ist der Schl\u00fcssel zum Gl\u00fcck. Dabei schildert die Autorin nicht nur relevantes Wissen \u00fcber unser internes Steuersystem und Methoden, um trotz vieler Herausforderungen in dieser gestressten Welt zu bestehen, sondern nimmt Dich auch mit in ihr pers\u00f6nliches Leben und zeigt, wie Du das Wissen aktiv anwenden kannst. <\/p>\n\n\n\n<p class=\"has-small-font-size\"><em>Dieses Werk richtet sich an alle, die mutig und neugierig genug sind, den Blickwinkel auf sich selbst und die Welt zu \u00e4ndern \u2013 auf einem Weg, frei von Negativit\u00e4t und hin zu Erleuchtung, Lebensfreude und inneren Frieden.<\/em> <\/p>\n\n\n\n<p class=\"has-small-font-size\">Sei, wer immer Du sein willst! Tu, was immer Du tun m\u00f6chtest! Du kannst alles schaffen! <\/p>\n\n\n\n<p class=\"has-small-font-size\">ISBN: <strong>979-8833607992<\/strong>, 17,99\u20ac<\/p>\n<\/div><\/div>\n","protected":false},"excerpt":{"rendered":"<p>Ein Schicksalsschlag brachte Katharina dazu, sich ungew\u00f6hnlich fr\u00fch mit Pers\u00f6nlichkeitsentwicklung zu befassen. \u201eDie Erleuchtung\u201c ist ein mit autobiografischen Geschichten angereicherter Ratgeber, der dazu animiert, jede Sekunde des Lebens zu zelebrieren. https:\/\/linktr.ee\/katharina_haarjohann F\u00fchlst Du Dich von Deinem Alltag auch oft gestresst? Bist mit Deinen Emotionen immer wieder \u00fcberfordert? Fragst Du Dich auch manchmal, wie andere es &hellip; <a href=\"https:\/\/literatur-made-in-osnabrueck.de\/?p=464\" class=\"more-link\"><span class=\"screen-reader-text\">Katharina Haarjohann: Die Erleuchtung (Sachbuch)<\/span> weiterlesen<\/a><\/p>\n","protected":false},"author":1,"featured_media":0,"comment_status":"closed","ping_status":"open","sticky":false,"template":"","format":"standard","meta":{"_jetpack_memberships_contains_paid_content":false,"footnotes":""},"categories":[79,19],"tags":[],"class_list":["post-464","post","type-post","status-publish","format-standard","hentry","category-katharina-haarjohann","category-sachbuecher"],"jetpack_featured_media_url":"","jetpack_sharing_enabled":true,"_links":{"self":[{"href":"https:\/\/literatur-made-in-osnabrueck.de\/index.php?rest_route=\/wp\/v2\/posts\/464","targetHints":{"allow":["GET"]}}],"collection":[{"href":"https:\/\/literatur-made-in-osnabrueck.de\/index.php?rest_route=\/wp\/v2\/posts"}],"about":[{"href":"https:\/\/literatur-made-in-osnabrueck.de\/index.php?rest_route=\/wp\/v2\/types\/post"}],"author":[{"embeddable":true,"href":"https:\/\/literatur-made-in-osnabrueck.de\/index.php?rest_route=\/wp\/v2\/users\/1"}],"replies":[{"embeddable":true,"href":"https:\/\/literatur-made-in-osnabrueck.de\/index.php?rest_route=%2Fwp%2Fv2%2Fcomments&post=464"}],"version-history":[{"count":3,"href":"https:\/\/literatur-made-in-osnabrueck.de\/index.php?rest_route=\/wp\/v2\/posts\/464\/revisions"}],"predecessor-version":[{"id":681,"href":"https:\/\/literatur-made-in-osnabrueck.de\/index.php?rest_route=\/wp\/v2\/posts\/464\/revisions\/681"}],"wp:attachment":[{"href":"https:\/\/literatur-made-in-osnabrueck.de\/index.php?rest_route=%2Fwp%2Fv2%2Fmedia&parent=464"}],"wp:term":[{"taxonomy":"category","embeddable":true,"href":"https:\/\/literatur-made-in-osnabrueck.de\/index.php?rest_route=%2Fwp%2Fv2%2Fcategories&post=464"},{"taxonomy":"post_tag","embeddable":true,"href":"https:\/\/literatur-made-in-osnabrueck.de\/index.php?rest_route=%2Fwp%2Fv2%2Ftags&post=464"}],"curies":[{"name":"wp","href":"https:\/\/api.w.org\/{rel}","templated":true}]}}