{"id":436,"date":"2022-05-19T21:40:00","date_gmt":"2022-05-19T21:40:00","guid":{"rendered":"https:\/\/literatur-made-in-osnabrueck.de\/?p=436"},"modified":"2023-02-23T21:27:07","modified_gmt":"2023-02-23T21:27:07","slug":"laander-karuso-der-weg-zu-meinem-verficktem-seelenfrieden-kurzgeschichten","status":"publish","type":"post","link":"https:\/\/literatur-made-in-osnabrueck.de\/?p=436","title":{"rendered":"Laander Karuso: Der Weg zu meinem verficktem Seelenfrieden (Kurzgeschichten)"},"content":{"rendered":"\n<div class=\"wp-block-media-text alignwide is-stacked-on-mobile is-vertically-aligned-top\" style=\"grid-template-columns:23% auto\"><figure class=\"wp-block-media-text__media\"><img loading=\"lazy\" decoding=\"async\" width=\"426\" height=\"600\" src=\"https:\/\/literatur-made-in-osnabrueck.de\/wp-content\/uploads\/2022\/07\/Seelenfrieden-600-neuneuweb.jpg\" alt=\"\" class=\"wp-image-437 size-full\" srcset=\"https:\/\/literatur-made-in-osnabrueck.de\/wp-content\/uploads\/2022\/07\/Seelenfrieden-600-neuneuweb.jpg 426w, https:\/\/literatur-made-in-osnabrueck.de\/wp-content\/uploads\/2022\/07\/Seelenfrieden-600-neuneuweb-213x300.jpg 213w\" sizes=\"auto, (max-width: 426px) 100vw, 426px\" \/><\/figure><div class=\"wp-block-media-text__content\">\n<p class=\"has-small-font-size\">Laander Karuso ist die perfekte Mischung aus Rebell und Kunstfigur. Sein \u201eTagebuch\u201c k\u00f6nnte keinen besseren Protagonisten haben, als ihn selbst, denn er ist zwar Zyniker aus Leidenschaft, aber er hat f\u00fcr die b\u00f6se Welt da drau\u00dfen ein viel zu gro\u00dfes Herz. Ja, eigentlich ist er nur ein hoffnungsloser Romantiker, den keiner versteht. Seine Kreativit\u00e4t entspringt einer wirklich ausgepr\u00e4gten und gepflegten Hassliebe zur mitteldeutschen Provinz. Sie ist das Erdreich f\u00fcr seine Wurzeln und der Stoff, aus dem seine Lieder und Texte sind.<\/p>\n\n\n\n<p class=\"has-small-font-size\"> \u201eDer Weg zu meinem verfickten Seelenfrieden\u201d ist eine B\u00fchnentextsammlung, in der jeder sein Fett wegbekommt: die Stadt Stendal, diverse andere H\u00e4useransammlungen, die Katze seines Mitbewohners, die oberfl\u00e4chliche Mitmenschheit und vor allem Karuso selbst. Das Buch war nominiert f\u00fcr den <a href=\"http:\/\/wasliestdu.de\/magazin\/2017\/ungewoehnlichster-buchtitel-des-jahres-2016\">UNGEW\u00d6HNLICHSTEN BUCHTITEL DES JAHRES 2016<\/a>. <\/p>\n\n\n\n<p class=\"has-small-font-size\"><em>\u201eEndlich mal ein Fr\u00fchaufsteher, der schreiben kann. Dieses Buch ist sowohl Kriegserkl\u00e4rung als auch Weltfrieden und sorgt f\u00fcr Ambivalenz im Billyregal. Solange M\u00e4nner wie Laander Karuso noch Tinte im F\u00fcller haben, sollten wir ihre B\u00fccher kaufen.\u201c<\/em> (Mike Altmann) <\/p>\n\n\n\n<p class=\"has-small-font-size\"><em>\u201eUnter der zuweilen harten Schale des Zynikers verbirgt sich ein genauer, intelligenterund kritischer Beobachter des aktuellen Zeitgeistes. Mit Eleganz und subtilem Humorzerlegt Karuso das wohlfeile, gutb\u00fcrgerliche Bild des wackeren Teutonen, der nur zu gern weltl\u00e4ufig und kosmopolitisch erscheinen m\u00f6chte.\u201c<\/em> (Dominik Bartels, Blaulicht Verlag)<\/p>\n\n\n\n<p class=\"has-small-font-size\"> <a rel=\"noreferrer noopener\" href=\"https:\/\/www.periplaneta.com\/Produkt\/genre\/kurzgeschichten\/der-weg-zu-meinem-verfickten-seelenfrieden-buch-cd\/\" target=\"_blank\">www.periplaneta.com\/Produkt\/genre\/kurzgeschichten\/der-weg-zu-meinem-verfickten-seelenfrieden-buch-cd\/<\/a><\/p>\n<\/div><\/div>\n","protected":false},"excerpt":{"rendered":"<p>Laander Karuso ist die perfekte Mischung aus Rebell und Kunstfigur. Sein \u201eTagebuch\u201c k\u00f6nnte keinen besseren Protagonisten haben, als ihn selbst, denn er ist zwar Zyniker aus Leidenschaft, aber er hat f\u00fcr die b\u00f6se Welt da drau\u00dfen ein viel zu gro\u00dfes Herz. Ja, eigentlich ist er nur ein hoffnungsloser Romantiker, den keiner versteht. Seine Kreativit\u00e4t entspringt &hellip; <a href=\"https:\/\/literatur-made-in-osnabrueck.de\/?p=436\" class=\"more-link\"><span class=\"screen-reader-text\">Laander Karuso: Der Weg zu meinem verficktem Seelenfrieden (Kurzgeschichten)<\/span> weiterlesen<\/a><\/p>\n","protected":false},"author":1,"featured_media":0,"comment_status":"closed","ping_status":"open","sticky":false,"template":"","format":"standard","meta":{"_jetpack_memberships_contains_paid_content":false,"footnotes":""},"categories":[71,18],"tags":[],"class_list":["post-436","post","type-post","status-publish","format-standard","hentry","category-laander-karuso","category-kurzgeschichten-anthologien"],"jetpack_featured_media_url":"","jetpack_sharing_enabled":true,"_links":{"self":[{"href":"https:\/\/literatur-made-in-osnabrueck.de\/index.php?rest_route=\/wp\/v2\/posts\/436","targetHints":{"allow":["GET"]}}],"collection":[{"href":"https:\/\/literatur-made-in-osnabrueck.de\/index.php?rest_route=\/wp\/v2\/posts"}],"about":[{"href":"https:\/\/literatur-made-in-osnabrueck.de\/index.php?rest_route=\/wp\/v2\/types\/post"}],"author":[{"embeddable":true,"href":"https:\/\/literatur-made-in-osnabrueck.de\/index.php?rest_route=\/wp\/v2\/users\/1"}],"replies":[{"embeddable":true,"href":"https:\/\/literatur-made-in-osnabrueck.de\/index.php?rest_route=%2Fwp%2Fv2%2Fcomments&post=436"}],"version-history":[{"count":2,"href":"https:\/\/literatur-made-in-osnabrueck.de\/index.php?rest_route=\/wp\/v2\/posts\/436\/revisions"}],"predecessor-version":[{"id":685,"href":"https:\/\/literatur-made-in-osnabrueck.de\/index.php?rest_route=\/wp\/v2\/posts\/436\/revisions\/685"}],"wp:attachment":[{"href":"https:\/\/literatur-made-in-osnabrueck.de\/index.php?rest_route=%2Fwp%2Fv2%2Fmedia&parent=436"}],"wp:term":[{"taxonomy":"category","embeddable":true,"href":"https:\/\/literatur-made-in-osnabrueck.de\/index.php?rest_route=%2Fwp%2Fv2%2Fcategories&post=436"},{"taxonomy":"post_tag","embeddable":true,"href":"https:\/\/literatur-made-in-osnabrueck.de\/index.php?rest_route=%2Fwp%2Fv2%2Ftags&post=436"}],"curies":[{"name":"wp","href":"https:\/\/api.w.org\/{rel}","templated":true}]}}