{"id":402,"date":"2022-03-10T09:44:00","date_gmt":"2022-03-10T09:44:00","guid":{"rendered":"https:\/\/literatur-made-in-osnabrueck.de\/?p=402"},"modified":"2023-11-02T21:30:42","modified_gmt":"2023-11-02T21:30:42","slug":"tina-schick-osnabruecker-reformanin-kurzkrimi","status":"publish","type":"post","link":"https:\/\/literatur-made-in-osnabrueck.de\/?p=402","title":{"rendered":"Tina Schick: Osnabr\u00fccker Reformanin (Kurzkrimi)"},"content":{"rendered":"\n<div class=\"wp-block-media-text alignwide is-stacked-on-mobile\" style=\"grid-template-columns:25% auto\"><figure class=\"wp-block-media-text__media\"><img loading=\"lazy\" decoding=\"async\" width=\"423\" height=\"600\" src=\"https:\/\/literatur-made-in-osnabrueck.de\/wp-content\/uploads\/2022\/06\/600-Osnabruecker-Reformanin.jpg\" alt=\"\" class=\"wp-image-403 size-full\" srcset=\"https:\/\/literatur-made-in-osnabrueck.de\/wp-content\/uploads\/2022\/06\/600-Osnabruecker-Reformanin.jpg 423w, https:\/\/literatur-made-in-osnabrueck.de\/wp-content\/uploads\/2022\/06\/600-Osnabruecker-Reformanin-212x300.jpg 212w\" sizes=\"auto, (max-width: 423px) 100vw, 423px\" \/><\/figure><div class=\"wp-block-media-text__content\">\n<p class=\"has-small-font-size\">Keine 95 Thesen, daf\u00fcr ausgesuchte Artikel \u00fcber Menschenrechte werden an Kirchent\u00fcren im Osnabr\u00fccker Landkreis angeschlagen. Die Hauptkommissare Johanna Kramer und Bodo Knapke werden gebeten, sich dem Fall anzunehmen. Kramer zieht nat\u00fcrlich schnell ihre Freundin Lisa von Suttner hinzu. W\u00e4hrend Knapke nur einen Bl\u00f6de-Jungenstreich sieht, erkennt die Fotografin einen Hilferuf. Die Anschl\u00e4ge f\u00fchren von Bohmte \u00fcber Bad Iburg, Berge und Quakenbr\u00fcck weiter nach Bissendorf, F\u00fcrstenau, Badbergen und Belm.<\/p>\n\n\n\n<p class=\"has-small-font-size\">Dieser Krimi ist im Jubil\u00e4umsjahr der Reformation im Rahmen der Ausstellung \u201eAn der Kirche \u2013 auf die Kirche\u201c des BBK (Bund Bildender K\u00fcnstler) Osnabr\u00fcck in Kooperation mit dem Landkreis Osnabr\u00fcck entstanden.<\/p>\n\n\n\n<p class=\"has-small-font-size\">Heftformat (DIN A5), Eigenverlag der Autorin, 6,00 \u20ac, bestellbar \u00fcber den Shop des Osnabr\u00fccker Quadratur-Verlag UG: <a href=\"https:\/\/www.knowware.de\/echte-osnabruecker\/schick-osnabruecker-reformanin\/\">https:\/\/www.knowware.de\/echte-osnabruecker\/schick-osnabruecker-reformanin\/<\/a><\/p>\n<\/div><\/div>\n","protected":false},"excerpt":{"rendered":"<p>Keine 95 Thesen, daf\u00fcr ausgesuchte Artikel \u00fcber Menschenrechte werden an Kirchent\u00fcren im Osnabr\u00fccker Landkreis angeschlagen. Die Hauptkommissare Johanna Kramer und Bodo Knapke werden gebeten, sich dem Fall anzunehmen. Kramer zieht nat\u00fcrlich schnell ihre Freundin Lisa von Suttner hinzu. W\u00e4hrend Knapke nur einen Bl\u00f6de-Jungenstreich sieht, erkennt die Fotografin einen Hilferuf. Die Anschl\u00e4ge f\u00fchren von Bohmte \u00fcber &hellip; <a href=\"https:\/\/literatur-made-in-osnabrueck.de\/?p=402\" class=\"more-link\"><span class=\"screen-reader-text\">Tina Schick: Osnabr\u00fccker Reformanin (Kurzkrimi)<\/span> weiterlesen<\/a><\/p>\n","protected":false},"author":1,"featured_media":0,"comment_status":"closed","ping_status":"open","sticky":false,"template":"","format":"standard","meta":{"_jetpack_memberships_contains_paid_content":false,"footnotes":""},"categories":[161,14],"tags":[],"class_list":["post-402","post","type-post","status-publish","format-standard","hentry","category-buecher-von-tina-schick","category-krimis"],"jetpack_featured_media_url":"","jetpack_sharing_enabled":true,"_links":{"self":[{"href":"https:\/\/literatur-made-in-osnabrueck.de\/index.php?rest_route=\/wp\/v2\/posts\/402","targetHints":{"allow":["GET"]}}],"collection":[{"href":"https:\/\/literatur-made-in-osnabrueck.de\/index.php?rest_route=\/wp\/v2\/posts"}],"about":[{"href":"https:\/\/literatur-made-in-osnabrueck.de\/index.php?rest_route=\/wp\/v2\/types\/post"}],"author":[{"embeddable":true,"href":"https:\/\/literatur-made-in-osnabrueck.de\/index.php?rest_route=\/wp\/v2\/users\/1"}],"replies":[{"embeddable":true,"href":"https:\/\/literatur-made-in-osnabrueck.de\/index.php?rest_route=%2Fwp%2Fv2%2Fcomments&post=402"}],"version-history":[{"count":1,"href":"https:\/\/literatur-made-in-osnabrueck.de\/index.php?rest_route=\/wp\/v2\/posts\/402\/revisions"}],"predecessor-version":[{"id":404,"href":"https:\/\/literatur-made-in-osnabrueck.de\/index.php?rest_route=\/wp\/v2\/posts\/402\/revisions\/404"}],"wp:attachment":[{"href":"https:\/\/literatur-made-in-osnabrueck.de\/index.php?rest_route=%2Fwp%2Fv2%2Fmedia&parent=402"}],"wp:term":[{"taxonomy":"category","embeddable":true,"href":"https:\/\/literatur-made-in-osnabrueck.de\/index.php?rest_route=%2Fwp%2Fv2%2Fcategories&post=402"},{"taxonomy":"post_tag","embeddable":true,"href":"https:\/\/literatur-made-in-osnabrueck.de\/index.php?rest_route=%2Fwp%2Fv2%2Ftags&post=402"}],"curies":[{"name":"wp","href":"https:\/\/api.w.org\/{rel}","templated":true}]}}