{"id":390,"date":"2022-03-03T20:12:00","date_gmt":"2022-03-03T20:12:00","guid":{"rendered":"https:\/\/literatur-made-in-osnabrueck.de\/?p=390"},"modified":"2023-11-02T21:32:18","modified_gmt":"2023-11-02T21:32:18","slug":"tina-schick-zaeberus-und-die-drachenbrlume-kinderbuch","status":"publish","type":"post","link":"https:\/\/literatur-made-in-osnabrueck.de\/?p=390","title":{"rendered":"Tina Schick: Z\u00e4berus und die Drachenblume (Kinderbuch)"},"content":{"rendered":"\n<div class=\"wp-block-media-text alignwide is-stacked-on-mobile\" style=\"grid-template-columns:25% auto\"><figure class=\"wp-block-media-text__media\"><img loading=\"lazy\" decoding=\"async\" width=\"424\" height=\"600\" src=\"https:\/\/literatur-made-in-osnabrueck.de\/wp-content\/uploads\/2022\/06\/600-Zaebaerus_2.jpg\" alt=\"\" class=\"wp-image-391 size-full\" srcset=\"https:\/\/literatur-made-in-osnabrueck.de\/wp-content\/uploads\/2022\/06\/600-Zaebaerus_2.jpg 424w, https:\/\/literatur-made-in-osnabrueck.de\/wp-content\/uploads\/2022\/06\/600-Zaebaerus_2-212x300.jpg 212w\" sizes=\"auto, (max-width: 424px) 100vw, 424px\" \/><\/figure><div class=\"wp-block-media-text__content\">\n<p class=\"has-small-font-size\">Z\u00e4b\u00e4rus kann es kaum glauben, sein Traum wurde wahr: Er kann fliegen. Und nun hei\u00dft es f\u00fcr ihn die Welt selbst zu erkunden. Mit seinen Freunden fliegt er zu den schmackhaften Bananenb\u00e4umen, zum \u00f6ligen Eukalyptus und schlie\u00dflich zu den blauen Drachenblumen. Eine gef\u00fchlvolle Drachengeschichte f\u00fcr Kinder zum Selbstanmalen von Tina Schick mit Illustrationen von Lorenz Rohling und Aly Ra. <\/p>\n\n\n\n<p class=\"has-small-font-size\">Softcover, A-4-Format, ISBN 978-3-000648-63-2, 6,50 \u20ac<\/p>\n<\/div><\/div>\n","protected":false},"excerpt":{"rendered":"<p>Z\u00e4b\u00e4rus kann es kaum glauben, sein Traum wurde wahr: Er kann fliegen. Und nun hei\u00dft es f\u00fcr ihn die Welt selbst zu erkunden. Mit seinen Freunden fliegt er zu den schmackhaften Bananenb\u00e4umen, zum \u00f6ligen Eukalyptus und schlie\u00dflich zu den blauen Drachenblumen. Eine gef\u00fchlvolle Drachengeschichte f\u00fcr Kinder zum Selbstanmalen von Tina Schick mit Illustrationen von Lorenz &hellip; <a href=\"https:\/\/literatur-made-in-osnabrueck.de\/?p=390\" class=\"more-link\"><span class=\"screen-reader-text\">Tina Schick: Z\u00e4berus und die Drachenblume (Kinderbuch)<\/span> weiterlesen<\/a><\/p>\n","protected":false},"author":1,"featured_media":0,"comment_status":"closed","ping_status":"open","sticky":false,"template":"","format":"standard","meta":{"_jetpack_memberships_contains_paid_content":false,"footnotes":""},"categories":[161,17],"tags":[],"class_list":["post-390","post","type-post","status-publish","format-standard","hentry","category-buecher-von-tina-schick","category-kinder-und-jungendbuecher"],"jetpack_featured_media_url":"","jetpack_sharing_enabled":true,"_links":{"self":[{"href":"https:\/\/literatur-made-in-osnabrueck.de\/index.php?rest_route=\/wp\/v2\/posts\/390","targetHints":{"allow":["GET"]}}],"collection":[{"href":"https:\/\/literatur-made-in-osnabrueck.de\/index.php?rest_route=\/wp\/v2\/posts"}],"about":[{"href":"https:\/\/literatur-made-in-osnabrueck.de\/index.php?rest_route=\/wp\/v2\/types\/post"}],"author":[{"embeddable":true,"href":"https:\/\/literatur-made-in-osnabrueck.de\/index.php?rest_route=\/wp\/v2\/users\/1"}],"replies":[{"embeddable":true,"href":"https:\/\/literatur-made-in-osnabrueck.de\/index.php?rest_route=%2Fwp%2Fv2%2Fcomments&post=390"}],"version-history":[{"count":2,"href":"https:\/\/literatur-made-in-osnabrueck.de\/index.php?rest_route=\/wp\/v2\/posts\/390\/revisions"}],"predecessor-version":[{"id":398,"href":"https:\/\/literatur-made-in-osnabrueck.de\/index.php?rest_route=\/wp\/v2\/posts\/390\/revisions\/398"}],"wp:attachment":[{"href":"https:\/\/literatur-made-in-osnabrueck.de\/index.php?rest_route=%2Fwp%2Fv2%2Fmedia&parent=390"}],"wp:term":[{"taxonomy":"category","embeddable":true,"href":"https:\/\/literatur-made-in-osnabrueck.de\/index.php?rest_route=%2Fwp%2Fv2%2Fcategories&post=390"},{"taxonomy":"post_tag","embeddable":true,"href":"https:\/\/literatur-made-in-osnabrueck.de\/index.php?rest_route=%2Fwp%2Fv2%2Ftags&post=390"}],"curies":[{"name":"wp","href":"https:\/\/api.w.org\/{rel}","templated":true}]}}