{"id":361,"date":"2022-05-18T20:41:00","date_gmt":"2022-05-18T20:41:00","guid":{"rendered":"https:\/\/literatur-made-in-osnabrueck.de\/?p=361"},"modified":"2022-07-03T19:47:18","modified_gmt":"2022-07-03T19:47:18","slug":"361-2","status":"publish","type":"post","link":"https:\/\/literatur-made-in-osnabrueck.de\/?p=361","title":{"rendered":""},"content":{"rendered":"\n<figure class=\"wp-block-image size-large is-resized\"><img loading=\"lazy\" decoding=\"async\" src=\"https:\/\/literatur-made-in-osnabrueck.de\/wp-content\/uploads\/2022\/05\/Lesung-OR--1024x724.jpg\" alt=\"\" class=\"wp-image-362\" width=\"691\" height=\"488\" srcset=\"https:\/\/literatur-made-in-osnabrueck.de\/wp-content\/uploads\/2022\/05\/Lesung-OR--1024x724.jpg 1024w, https:\/\/literatur-made-in-osnabrueck.de\/wp-content\/uploads\/2022\/05\/Lesung-OR--300x212.jpg 300w, https:\/\/literatur-made-in-osnabrueck.de\/wp-content\/uploads\/2022\/05\/Lesung-OR--768x543.jpg 768w, https:\/\/literatur-made-in-osnabrueck.de\/wp-content\/uploads\/2022\/05\/Lesung-OR--1536x1086.jpg 1536w, https:\/\/literatur-made-in-osnabrueck.de\/wp-content\/uploads\/2022\/05\/Lesung-OR--2048x1448.jpg 2048w\" sizes=\"auto, (max-width: 691px) 100vw, 691px\" \/><figcaption><strong><a href=\"https:\/\/www.facebook.com\/bbk.osnabrueck\" target=\"_blank\" rel=\"noreferrer noopener\">https:\/\/www.facebook.com\/bbk.osnabrueck<\/a><\/strong><br>Es ist Krieg! So hei\u00dft die aktuelle Gemeinschaftsausstellung im KunstQuartier des BBK Osnabr\u00fcck an der Bierstra\u00dfe. Den Ausstellungstitel haben Tina Schick und Kerstin Broszat zum Thema f\u00fcr ihre Online-Lesung \u00fcbernommen und pr\u00e4sentieren zwei B\u00fccher, in denen \u201eKrieg\u201c leider eine Hauptrolle spielt.<br>Tina Schick liest aus \u201eSpuren, die bleiben\u201c von Ulrike Bubinger und Kerstin Broszat aus \u201eIm Westen nichts Neues\u201c von Erich Maria Remarque in der aktuellen Ausgabe mit Nachwort und Materialsammlung von Thomas F. Schneider.<\/figcaption><\/figure>\n","protected":false},"excerpt":{"rendered":"","protected":false},"author":1,"featured_media":0,"comment_status":"closed","ping_status":"open","sticky":false,"template":"","format":"standard","meta":{"_jetpack_memberships_contains_paid_content":false,"footnotes":""},"categories":[66,6,67],"tags":[],"class_list":["post-361","post","type-post","status-publish","format-standard","hentry","category-ulrike-bubinger","category-lesung","category-erich-maria-remarque"],"jetpack_featured_media_url":"","jetpack_sharing_enabled":true,"_links":{"self":[{"href":"https:\/\/literatur-made-in-osnabrueck.de\/index.php?rest_route=\/wp\/v2\/posts\/361","targetHints":{"allow":["GET"]}}],"collection":[{"href":"https:\/\/literatur-made-in-osnabrueck.de\/index.php?rest_route=\/wp\/v2\/posts"}],"about":[{"href":"https:\/\/literatur-made-in-osnabrueck.de\/index.php?rest_route=\/wp\/v2\/types\/post"}],"author":[{"embeddable":true,"href":"https:\/\/literatur-made-in-osnabrueck.de\/index.php?rest_route=\/wp\/v2\/users\/1"}],"replies":[{"embeddable":true,"href":"https:\/\/literatur-made-in-osnabrueck.de\/index.php?rest_route=%2Fwp%2Fv2%2Fcomments&post=361"}],"version-history":[{"count":2,"href":"https:\/\/literatur-made-in-osnabrueck.de\/index.php?rest_route=\/wp\/v2\/posts\/361\/revisions"}],"predecessor-version":[{"id":365,"href":"https:\/\/literatur-made-in-osnabrueck.de\/index.php?rest_route=\/wp\/v2\/posts\/361\/revisions\/365"}],"wp:attachment":[{"href":"https:\/\/literatur-made-in-osnabrueck.de\/index.php?rest_route=%2Fwp%2Fv2%2Fmedia&parent=361"}],"wp:term":[{"taxonomy":"category","embeddable":true,"href":"https:\/\/literatur-made-in-osnabrueck.de\/index.php?rest_route=%2Fwp%2Fv2%2Fcategories&post=361"},{"taxonomy":"post_tag","embeddable":true,"href":"https:\/\/literatur-made-in-osnabrueck.de\/index.php?rest_route=%2Fwp%2Fv2%2Ftags&post=361"}],"curies":[{"name":"wp","href":"https:\/\/api.w.org\/{rel}","templated":true}]}}