{"id":353,"date":"2022-05-28T21:51:00","date_gmt":"2022-05-28T21:51:00","guid":{"rendered":"https:\/\/literatur-made-in-osnabrueck.de\/?p=353"},"modified":"2023-11-16T20:28:03","modified_gmt":"2023-11-16T20:28:03","slug":"ulrike-bubinger-spuren-die-bleiben-tatsachen-roman","status":"publish","type":"post","link":"https:\/\/literatur-made-in-osnabrueck.de\/?p=353","title":{"rendered":"Ulrike Bubinger: Spuren, die bleiben (Tatsachen-Roman)"},"content":{"rendered":"\n<div class=\"wp-block-media-text alignwide is-stacked-on-mobile is-vertically-aligned-top\" style=\"grid-template-columns:24% auto\"><figure class=\"wp-block-media-text__media\"><img loading=\"lazy\" decoding=\"async\" width=\"242\" height=\"343\" src=\"https:\/\/literatur-made-in-osnabrueck.de\/wp-content\/uploads\/2022\/05\/Cover.jpg\" alt=\"\" class=\"wp-image-354 size-full\" srcset=\"https:\/\/literatur-made-in-osnabrueck.de\/wp-content\/uploads\/2022\/05\/Cover.jpg 242w, https:\/\/literatur-made-in-osnabrueck.de\/wp-content\/uploads\/2022\/05\/Cover-212x300.jpg 212w\" sizes=\"auto, (max-width: 242px) 100vw, 242px\" \/><\/figure><div class=\"wp-block-media-text__content\">\n<p class=\"has-small-font-size\">Schonungslos spricht die heute 93 j\u00e4hrige Eleonore \u00fcber die politischen Verh\u00e4ltnisse und die daraus resultierenden Weltkriege in der ersten H\u00e4lfte des 20. Jahrhunderts. Ihr Vater wurde 1917 bei Verdun schwer verwundet. 1923 brach eine Inflation aus, die zu gro\u00dfen Unruhen auch in ihrer Stadt Osnabr\u00fcck f\u00fchrte. Hunger und Arbeitslosigkeit waren die Folge. Es gab nur zwei Parteien, die einen Ausweg daraus versprachen. Es waren die Kommunisten und Nationalsozialisten. Hitler begeisterte die Menschen auch in ihrer Stadt. Als der Zweite Weltkrieg ausbrach, war Eleonore 11 Jahre alt. Sie erlebte durch den Bombenhagel den v\u00f6lligen Zusammenbruch ihrer Heimat. In dieser Zeit lernte sie ihren sp\u00e4teren Mann Hary kennen. Doch nach kurzer Zeit wurden sie schon wieder getrennt. Erst im Herbst 1945 fanden sie sich wieder. Beide hatten die Wirren des Krieges \u00fcberlebt. Sie hatten nur noch einen Wunsch, das Leben gemeinsam wieder zu genie\u00dfen und in einer friedlicheren Welt zu leben. <\/p>\n\n\n\n<p class=\"has-small-font-size\">ISBN: 9783755714712, 20,99 \u20ac<\/p>\n<\/div><\/div>\n","protected":false},"excerpt":{"rendered":"<p>Schonungslos spricht die heute 93 j\u00e4hrige Eleonore \u00fcber die politischen Verh\u00e4ltnisse und die daraus resultierenden Weltkriege in der ersten H\u00e4lfte des 20. Jahrhunderts. Ihr Vater wurde 1917 bei Verdun schwer verwundet. 1923 brach eine Inflation aus, die zu gro\u00dfen Unruhen auch in ihrer Stadt Osnabr\u00fcck f\u00fchrte. Hunger und Arbeitslosigkeit waren die Folge. Es gab nur &hellip; <a href=\"https:\/\/literatur-made-in-osnabrueck.de\/?p=353\" class=\"more-link\"><span class=\"screen-reader-text\">Ulrike Bubinger: Spuren, die bleiben (Tatsachen-Roman)<\/span> weiterlesen<\/a><\/p>\n","protected":false},"author":1,"featured_media":0,"comment_status":"closed","ping_status":"open","sticky":false,"template":"","format":"standard","meta":{"_jetpack_memberships_contains_paid_content":false,"footnotes":""},"categories":[66,16],"tags":[],"class_list":["post-353","post","type-post","status-publish","format-standard","hentry","category-ulrike-bubinger","category-romane"],"jetpack_featured_media_url":"","jetpack_sharing_enabled":true,"_links":{"self":[{"href":"https:\/\/literatur-made-in-osnabrueck.de\/index.php?rest_route=\/wp\/v2\/posts\/353","targetHints":{"allow":["GET"]}}],"collection":[{"href":"https:\/\/literatur-made-in-osnabrueck.de\/index.php?rest_route=\/wp\/v2\/posts"}],"about":[{"href":"https:\/\/literatur-made-in-osnabrueck.de\/index.php?rest_route=\/wp\/v2\/types\/post"}],"author":[{"embeddable":true,"href":"https:\/\/literatur-made-in-osnabrueck.de\/index.php?rest_route=\/wp\/v2\/users\/1"}],"replies":[{"embeddable":true,"href":"https:\/\/literatur-made-in-osnabrueck.de\/index.php?rest_route=%2Fwp%2Fv2%2Fcomments&post=353"}],"version-history":[{"count":3,"href":"https:\/\/literatur-made-in-osnabrueck.de\/index.php?rest_route=\/wp\/v2\/posts\/353\/revisions"}],"predecessor-version":[{"id":971,"href":"https:\/\/literatur-made-in-osnabrueck.de\/index.php?rest_route=\/wp\/v2\/posts\/353\/revisions\/971"}],"wp:attachment":[{"href":"https:\/\/literatur-made-in-osnabrueck.de\/index.php?rest_route=%2Fwp%2Fv2%2Fmedia&parent=353"}],"wp:term":[{"taxonomy":"category","embeddable":true,"href":"https:\/\/literatur-made-in-osnabrueck.de\/index.php?rest_route=%2Fwp%2Fv2%2Fcategories&post=353"},{"taxonomy":"post_tag","embeddable":true,"href":"https:\/\/literatur-made-in-osnabrueck.de\/index.php?rest_route=%2Fwp%2Fv2%2Ftags&post=353"}],"curies":[{"name":"wp","href":"https:\/\/api.w.org\/{rel}","templated":true}]}}