{"id":179,"date":"2022-01-06T21:39:00","date_gmt":"2022-01-06T21:39:00","guid":{"rendered":"https:\/\/literatur-made-in-osnabrueck.de\/?p=179"},"modified":"2022-04-14T21:16:17","modified_gmt":"2022-04-14T21:16:17","slug":"buecher-wenner","status":"publish","type":"post","link":"https:\/\/literatur-made-in-osnabrueck.de\/?p=179","title":{"rendered":"B\u00fccher Wenner"},"content":{"rendered":"\n<pre class=\"wp-block-preformatted\">B\u00fccher Wenner\nGro\u00dfe Str. 69\n49074 Osnabr\u00fcck\nTelefon: 0541\/331030\nFax: 0541\/3310339\nE-Mail: <a href=\"mailto:info@buecher-wenner.de\">info@buecher-wenner.de<\/a>\n<\/pre>\n\n\n\n<p>Internet: <a href=\"https:\/\/www.buecher-wenner.de\/\">https:\/\/www.buecher-wenner.de\/<\/a><\/p>\n","protected":false},"excerpt":{"rendered":"<p>B\u00fccher Wenner Gro\u00dfe Str. 69 49074 Osnabr\u00fcck Telefon: 0541\/331030 Fax: 0541\/3310339 E-Mail: info@buecher-wenner.de Internet: https:\/\/www.buecher-wenner.de\/<\/p>\n","protected":false},"author":1,"featured_media":0,"comment_status":"closed","ping_status":"closed","sticky":false,"template":"","format":"standard","meta":{"_jetpack_memberships_contains_paid_content":false,"footnotes":""},"categories":[37,6],"tags":[46,47,30,29],"class_list":["post-179","post","type-post","status-publish","format-standard","hentry","category-buchhandel-osnabrueck","category-lesung","tag-buecher","tag-buchhandel","tag-lesung","tag-osnabrueck"],"jetpack_featured_media_url":"","jetpack_sharing_enabled":true,"_links":{"self":[{"href":"https:\/\/literatur-made-in-osnabrueck.de\/index.php?rest_route=\/wp\/v2\/posts\/179","targetHints":{"allow":["GET"]}}],"collection":[{"href":"https:\/\/literatur-made-in-osnabrueck.de\/index.php?rest_route=\/wp\/v2\/posts"}],"about":[{"href":"https:\/\/literatur-made-in-osnabrueck.de\/index.php?rest_route=\/wp\/v2\/types\/post"}],"author":[{"embeddable":true,"href":"https:\/\/literatur-made-in-osnabrueck.de\/index.php?rest_route=\/wp\/v2\/users\/1"}],"replies":[{"embeddable":true,"href":"https:\/\/literatur-made-in-osnabrueck.de\/index.php?rest_route=%2Fwp%2Fv2%2Fcomments&post=179"}],"version-history":[{"count":2,"href":"https:\/\/literatur-made-in-osnabrueck.de\/index.php?rest_route=\/wp\/v2\/posts\/179\/revisions"}],"predecessor-version":[{"id":204,"href":"https:\/\/literatur-made-in-osnabrueck.de\/index.php?rest_route=\/wp\/v2\/posts\/179\/revisions\/204"}],"wp:attachment":[{"href":"https:\/\/literatur-made-in-osnabrueck.de\/index.php?rest_route=%2Fwp%2Fv2%2Fmedia&parent=179"}],"wp:term":[{"taxonomy":"category","embeddable":true,"href":"https:\/\/literatur-made-in-osnabrueck.de\/index.php?rest_route=%2Fwp%2Fv2%2Fcategories&post=179"},{"taxonomy":"post_tag","embeddable":true,"href":"https:\/\/literatur-made-in-osnabrueck.de\/index.php?rest_route=%2Fwp%2Fv2%2Ftags&post=179"}],"curies":[{"name":"wp","href":"https:\/\/api.w.org\/{rel}","templated":true}]}}