{"id":1680,"date":"2025-01-09T21:59:33","date_gmt":"2025-01-09T21:59:33","guid":{"rendered":"https:\/\/literatur-made-in-osnabrueck.de\/?p=1680"},"modified":"2025-01-09T21:59:35","modified_gmt":"2025-01-09T21:59:35","slug":"countdown-zur-5-osnabruecker-buchmesse-am-25-01-2025-42","status":"publish","type":"post","link":"https:\/\/literatur-made-in-osnabrueck.de\/?p=1680","title":{"rendered":"Countdown zur 5. Osnabr\u00fccker Buchmesse am 25.01.2025"},"content":{"rendered":"\n<div class=\"wp-block-media-text is-stacked-on-mobile is-vertically-aligned-top\"><figure class=\"wp-block-media-text__media\"><img loading=\"lazy\" decoding=\"async\" width=\"1024\" height=\"875\" src=\"https:\/\/literatur-made-in-osnabrueck.de\/wp-content\/uploads\/2025\/01\/Ingo-M-Ebert2-1024x875.jpg\" alt=\"\" class=\"wp-image-1681 size-full\" srcset=\"https:\/\/literatur-made-in-osnabrueck.de\/wp-content\/uploads\/2025\/01\/Ingo-M-Ebert2-1024x875.jpg 1024w, https:\/\/literatur-made-in-osnabrueck.de\/wp-content\/uploads\/2025\/01\/Ingo-M-Ebert2-300x256.jpg 300w, https:\/\/literatur-made-in-osnabrueck.de\/wp-content\/uploads\/2025\/01\/Ingo-M-Ebert2-768x656.jpg 768w, https:\/\/literatur-made-in-osnabrueck.de\/wp-content\/uploads\/2025\/01\/Ingo-M-Ebert2.jpg 1281w\" sizes=\"auto, (max-width: 1024px) 100vw, 1024px\" \/><\/figure><div class=\"wp-block-media-text__content\">\n<p>Noch 16 Tage bis zur 5. Osnabr\u00fccker Buchmesse!<\/p>\n\n\n\n<p class=\"has-small-font-size\">Freut euch mit uns auf Ingo M. Ebert: <a href=\"https:\/\/ingo-m-ebert.de\/\">https:\/\/ingo-m-ebert.de\/<\/a> &nbsp;.Fast jeden Tag werden wir eine Ausstellerin \/ einen Aussteller kurz vorstellen auf unseren Plattformen <a href=\"http:\/\/www.literatur-made-in-osnabrueck.de\">www.literatur-made-in-osnabrueck.de<\/a> , Facebook: Osnabr\u00fccker Buchmesse, Instagram: #Literatur_made_in_Osnabrueck . Allgemeine Infos zur Messe gibt\u2019s hier: <a href=\"http:\/\/www.osnabruecker-buchmesse.de\">www.osnabruecker-buchmesse.de<\/a> (die Messeseite wird im Laufe der n\u00e4chsten Wochen im Programmteil St\u00fcck f\u00fcr St\u00fcck aktualisiert).<\/p>\n<\/div><\/div>\n","protected":false},"excerpt":{"rendered":"<p>Noch 16 Tage bis zur 5. Osnabr\u00fccker Buchmesse! Freut euch mit uns auf Ingo M. Ebert: https:\/\/ingo-m-ebert.de\/ &nbsp;.Fast jeden Tag werden wir eine Ausstellerin \/ einen Aussteller kurz vorstellen auf unseren Plattformen www.literatur-made-in-osnabrueck.de , Facebook: Osnabr\u00fccker Buchmesse, Instagram: #Literatur_made_in_Osnabrueck . Allgemeine Infos zur Messe gibt\u2019s hier: www.osnabruecker-buchmesse.de (die Messeseite wird im Laufe der n\u00e4chsten Wochen &hellip; <a href=\"https:\/\/literatur-made-in-osnabrueck.de\/?p=1680\" class=\"more-link\"><span class=\"screen-reader-text\">Countdown zur 5. Osnabr\u00fccker Buchmesse am 25.01.2025<\/span> weiterlesen<\/a><\/p>\n","protected":false},"author":1,"featured_media":0,"comment_status":"closed","ping_status":"open","sticky":false,"template":"","format":"standard","meta":{"_jetpack_memberships_contains_paid_content":false,"footnotes":""},"categories":[41,168,26],"tags":[],"class_list":["post-1680","post","type-post","status-publish","format-standard","hentry","category-ingo-m-ebert","category-osna-buch-2024-aussteller-countdown","category-osnabruecker-buchmesse-osna-buch"],"jetpack_featured_media_url":"","jetpack_sharing_enabled":true,"_links":{"self":[{"href":"https:\/\/literatur-made-in-osnabrueck.de\/index.php?rest_route=\/wp\/v2\/posts\/1680","targetHints":{"allow":["GET"]}}],"collection":[{"href":"https:\/\/literatur-made-in-osnabrueck.de\/index.php?rest_route=\/wp\/v2\/posts"}],"about":[{"href":"https:\/\/literatur-made-in-osnabrueck.de\/index.php?rest_route=\/wp\/v2\/types\/post"}],"author":[{"embeddable":true,"href":"https:\/\/literatur-made-in-osnabrueck.de\/index.php?rest_route=\/wp\/v2\/users\/1"}],"replies":[{"embeddable":true,"href":"https:\/\/literatur-made-in-osnabrueck.de\/index.php?rest_route=%2Fwp%2Fv2%2Fcomments&post=1680"}],"version-history":[{"count":1,"href":"https:\/\/literatur-made-in-osnabrueck.de\/index.php?rest_route=\/wp\/v2\/posts\/1680\/revisions"}],"predecessor-version":[{"id":1682,"href":"https:\/\/literatur-made-in-osnabrueck.de\/index.php?rest_route=\/wp\/v2\/posts\/1680\/revisions\/1682"}],"wp:attachment":[{"href":"https:\/\/literatur-made-in-osnabrueck.de\/index.php?rest_route=%2Fwp%2Fv2%2Fmedia&parent=1680"}],"wp:term":[{"taxonomy":"category","embeddable":true,"href":"https:\/\/literatur-made-in-osnabrueck.de\/index.php?rest_route=%2Fwp%2Fv2%2Fcategories&post=1680"},{"taxonomy":"post_tag","embeddable":true,"href":"https:\/\/literatur-made-in-osnabrueck.de\/index.php?rest_route=%2Fwp%2Fv2%2Ftags&post=1680"}],"curies":[{"name":"wp","href":"https:\/\/api.w.org\/{rel}","templated":true}]}}