{"id":1614,"date":"2024-12-16T22:01:27","date_gmt":"2024-12-16T22:01:27","guid":{"rendered":"https:\/\/literatur-made-in-osnabrueck.de\/?p=1614"},"modified":"2024-12-16T22:01:29","modified_gmt":"2024-12-16T22:01:29","slug":"countdown-zur-5-osnabruecker-buchmesse-am-25-01-2025-22","status":"publish","type":"post","link":"https:\/\/literatur-made-in-osnabrueck.de\/?p=1614","title":{"rendered":"Countdown zur 5. Osnabr\u00fccker Buchmesse am 25.01.2025"},"content":{"rendered":"\n<div class=\"wp-block-media-text is-stacked-on-mobile is-vertically-aligned-top\"><figure class=\"wp-block-media-text__media\"><img loading=\"lazy\" decoding=\"async\" width=\"1024\" height=\"847\" src=\"https:\/\/literatur-made-in-osnabrueck.de\/wp-content\/uploads\/2024\/12\/Michael-thomsen-1024x847.jpg\" alt=\"\" class=\"wp-image-1615 size-full\" srcset=\"https:\/\/literatur-made-in-osnabrueck.de\/wp-content\/uploads\/2024\/12\/Michael-thomsen-1024x847.jpg 1024w, https:\/\/literatur-made-in-osnabrueck.de\/wp-content\/uploads\/2024\/12\/Michael-thomsen-300x248.jpg 300w, https:\/\/literatur-made-in-osnabrueck.de\/wp-content\/uploads\/2024\/12\/Michael-thomsen-768x635.jpg 768w, https:\/\/literatur-made-in-osnabrueck.de\/wp-content\/uploads\/2024\/12\/Michael-thomsen.jpg 1281w\" sizes=\"auto, (max-width: 1024px) 100vw, 1024px\" \/><\/figure><div class=\"wp-block-media-text__content\">\n<p><a>Noch 40 Tage bis zur 5. Osnabr\u00fccker Buchmesse!<\/a><\/p>\n\n\n\n<p class=\"has-small-font-size\">Freut euch mit uns auf Michael Thomsen: <a href=\"https:\/\/michael-thomsen.jimdoweb.com\/\">https:\/\/michael-thomsen.jimdoweb.com\/<\/a> &nbsp;.Fast jeden Tag werden wir eine Ausstellerin \/ einen Aussteller kurz vorstellen auf unseren Plattformen <a href=\"http:\/\/www.literatur-made-in-osnabrueck.de\">www.literatur-made-in-osnabrueck.de<\/a> , Facebook: Osnabr\u00fccker Buchmesse, Instagram: #Literatur_made_in_Osnabrueck . Allgemeine Infos zur Messe gibt\u2019s hier: <a href=\"http:\/\/www.osnabruecker-buchmesse.de\">www.osnabruecker-buchmesse.de<\/a> (die Messeseite wird allerdings erst im Laufe der n\u00e4chsten Wochen St\u00fcck f\u00fcr St\u00fcck aktualisiert).<\/p>\n<\/div><\/div>\n","protected":false},"excerpt":{"rendered":"<p>Noch 40 Tage bis zur 5. Osnabr\u00fccker Buchmesse! Freut euch mit uns auf Michael Thomsen: https:\/\/michael-thomsen.jimdoweb.com\/ &nbsp;.Fast jeden Tag werden wir eine Ausstellerin \/ einen Aussteller kurz vorstellen auf unseren Plattformen www.literatur-made-in-osnabrueck.de , Facebook: Osnabr\u00fccker Buchmesse, Instagram: #Literatur_made_in_Osnabrueck . Allgemeine Infos zur Messe gibt\u2019s hier: www.osnabruecker-buchmesse.de (die Messeseite wird allerdings erst im Laufe der n\u00e4chsten &hellip; <a href=\"https:\/\/literatur-made-in-osnabrueck.de\/?p=1614\" class=\"more-link\"><span class=\"screen-reader-text\">Countdown zur 5. Osnabr\u00fccker Buchmesse am 25.01.2025<\/span> weiterlesen<\/a><\/p>\n","protected":false},"author":1,"featured_media":0,"comment_status":"closed","ping_status":"open","sticky":false,"template":"","format":"standard","meta":{"_jetpack_memberships_contains_paid_content":false,"footnotes":""},"categories":[168,26,196],"tags":[],"class_list":["post-1614","post","type-post","status-publish","format-standard","hentry","category-osna-buch-2024-aussteller-countdown","category-osnabruecker-buchmesse-osna-buch","category-thomsen-michael"],"jetpack_featured_media_url":"","jetpack_sharing_enabled":true,"_links":{"self":[{"href":"https:\/\/literatur-made-in-osnabrueck.de\/index.php?rest_route=\/wp\/v2\/posts\/1614","targetHints":{"allow":["GET"]}}],"collection":[{"href":"https:\/\/literatur-made-in-osnabrueck.de\/index.php?rest_route=\/wp\/v2\/posts"}],"about":[{"href":"https:\/\/literatur-made-in-osnabrueck.de\/index.php?rest_route=\/wp\/v2\/types\/post"}],"author":[{"embeddable":true,"href":"https:\/\/literatur-made-in-osnabrueck.de\/index.php?rest_route=\/wp\/v2\/users\/1"}],"replies":[{"embeddable":true,"href":"https:\/\/literatur-made-in-osnabrueck.de\/index.php?rest_route=%2Fwp%2Fv2%2Fcomments&post=1614"}],"version-history":[{"count":1,"href":"https:\/\/literatur-made-in-osnabrueck.de\/index.php?rest_route=\/wp\/v2\/posts\/1614\/revisions"}],"predecessor-version":[{"id":1616,"href":"https:\/\/literatur-made-in-osnabrueck.de\/index.php?rest_route=\/wp\/v2\/posts\/1614\/revisions\/1616"}],"wp:attachment":[{"href":"https:\/\/literatur-made-in-osnabrueck.de\/index.php?rest_route=%2Fwp%2Fv2%2Fmedia&parent=1614"}],"wp:term":[{"taxonomy":"category","embeddable":true,"href":"https:\/\/literatur-made-in-osnabrueck.de\/index.php?rest_route=%2Fwp%2Fv2%2Fcategories&post=1614"},{"taxonomy":"post_tag","embeddable":true,"href":"https:\/\/literatur-made-in-osnabrueck.de\/index.php?rest_route=%2Fwp%2Fv2%2Ftags&post=1614"}],"curies":[{"name":"wp","href":"https:\/\/api.w.org\/{rel}","templated":true}]}}