{"id":1611,"date":"2024-12-15T21:26:27","date_gmt":"2024-12-15T21:26:27","guid":{"rendered":"https:\/\/literatur-made-in-osnabrueck.de\/?p=1611"},"modified":"2024-12-15T21:26:30","modified_gmt":"2024-12-15T21:26:30","slug":"countdown-zur-5-osnabruecker-buchmesse-am-25-01-2025-21","status":"publish","type":"post","link":"https:\/\/literatur-made-in-osnabrueck.de\/?p=1611","title":{"rendered":"Countdown zur 5. Osnabr\u00fccker Buchmesse am 25.01.2025"},"content":{"rendered":"\n<div class=\"wp-block-media-text is-stacked-on-mobile is-vertically-aligned-top\"><figure class=\"wp-block-media-text__media\"><img loading=\"lazy\" decoding=\"async\" width=\"1024\" height=\"885\" src=\"https:\/\/literatur-made-in-osnabrueck.de\/wp-content\/uploads\/2024\/12\/Hendrike-Witt-1024x885.jpg\" alt=\"\" class=\"wp-image-1612 size-full\" srcset=\"https:\/\/literatur-made-in-osnabrueck.de\/wp-content\/uploads\/2024\/12\/Hendrike-Witt-1024x885.jpg 1024w, https:\/\/literatur-made-in-osnabrueck.de\/wp-content\/uploads\/2024\/12\/Hendrike-Witt-300x259.jpg 300w, https:\/\/literatur-made-in-osnabrueck.de\/wp-content\/uploads\/2024\/12\/Hendrike-Witt-768x664.jpg 768w, https:\/\/literatur-made-in-osnabrueck.de\/wp-content\/uploads\/2024\/12\/Hendrike-Witt.jpg 1281w\" sizes=\"auto, (max-width: 1024px) 100vw, 1024px\" \/><\/figure><div class=\"wp-block-media-text__content\">\n<p><a>Noch 41 Tage bis zur 5. Osnabr\u00fccker Buchmesse!<\/a><\/p>\n\n\n\n<p class=\"has-small-font-size\">Freut euch mit uns auf Hendrike Witt: <a href=\"https:\/\/literatur-made-in-osnabrueck.de\/?category_name=witt-hendrike\">https:\/\/literatur-made-in-osnabrueck.de\/?category_name=witt-hendrike<\/a> .Fast jeden Tag werden wir eine Ausstellerin \/ einen Aussteller kurz vorstellen auf unseren Plattformen <a href=\"http:\/\/www.literatur-made-in-osnabrueck.de\">www.literatur-made-in-osnabrueck.de<\/a> , Facebook: Osnabr\u00fccker Buchmesse, Instagram: #Literatur_made_in_Osnabrueck . Allgemeine Infos zur Messe gibt\u2019s hier: <a href=\"http:\/\/www.osnabruecker-buchmesse.de\">www.osnabruecker-buchmesse.de<\/a> (die Messeseite wird allerdings erst im Laufe der n\u00e4chsten Wochen St\u00fcck f\u00fcr St\u00fcck aktualisiert).<\/p>\n<\/div><\/div>\n","protected":false},"excerpt":{"rendered":"<p>Noch 41 Tage bis zur 5. Osnabr\u00fccker Buchmesse! Freut euch mit uns auf Hendrike Witt: https:\/\/literatur-made-in-osnabrueck.de\/?category_name=witt-hendrike .Fast jeden Tag werden wir eine Ausstellerin \/ einen Aussteller kurz vorstellen auf unseren Plattformen www.literatur-made-in-osnabrueck.de , Facebook: Osnabr\u00fccker Buchmesse, Instagram: #Literatur_made_in_Osnabrueck . Allgemeine Infos zur Messe gibt\u2019s hier: www.osnabruecker-buchmesse.de (die Messeseite wird allerdings erst im Laufe der n\u00e4chsten &hellip; <a href=\"https:\/\/literatur-made-in-osnabrueck.de\/?p=1611\" class=\"more-link\"><span class=\"screen-reader-text\">Countdown zur 5. Osnabr\u00fccker Buchmesse am 25.01.2025<\/span> weiterlesen<\/a><\/p>\n","protected":false},"author":1,"featured_media":0,"comment_status":"closed","ping_status":"open","sticky":false,"template":"","format":"standard","meta":{"_jetpack_memberships_contains_paid_content":false,"footnotes":""},"categories":[168,26,412],"tags":[],"class_list":["post-1611","post","type-post","status-publish","format-standard","hentry","category-osna-buch-2024-aussteller-countdown","category-osnabruecker-buchmesse-osna-buch","category-witt-hendrike"],"jetpack_featured_media_url":"","jetpack_sharing_enabled":true,"_links":{"self":[{"href":"https:\/\/literatur-made-in-osnabrueck.de\/index.php?rest_route=\/wp\/v2\/posts\/1611","targetHints":{"allow":["GET"]}}],"collection":[{"href":"https:\/\/literatur-made-in-osnabrueck.de\/index.php?rest_route=\/wp\/v2\/posts"}],"about":[{"href":"https:\/\/literatur-made-in-osnabrueck.de\/index.php?rest_route=\/wp\/v2\/types\/post"}],"author":[{"embeddable":true,"href":"https:\/\/literatur-made-in-osnabrueck.de\/index.php?rest_route=\/wp\/v2\/users\/1"}],"replies":[{"embeddable":true,"href":"https:\/\/literatur-made-in-osnabrueck.de\/index.php?rest_route=%2Fwp%2Fv2%2Fcomments&post=1611"}],"version-history":[{"count":1,"href":"https:\/\/literatur-made-in-osnabrueck.de\/index.php?rest_route=\/wp\/v2\/posts\/1611\/revisions"}],"predecessor-version":[{"id":1613,"href":"https:\/\/literatur-made-in-osnabrueck.de\/index.php?rest_route=\/wp\/v2\/posts\/1611\/revisions\/1613"}],"wp:attachment":[{"href":"https:\/\/literatur-made-in-osnabrueck.de\/index.php?rest_route=%2Fwp%2Fv2%2Fmedia&parent=1611"}],"wp:term":[{"taxonomy":"category","embeddable":true,"href":"https:\/\/literatur-made-in-osnabrueck.de\/index.php?rest_route=%2Fwp%2Fv2%2Fcategories&post=1611"},{"taxonomy":"post_tag","embeddable":true,"href":"https:\/\/literatur-made-in-osnabrueck.de\/index.php?rest_route=%2Fwp%2Fv2%2Ftags&post=1611"}],"curies":[{"name":"wp","href":"https:\/\/api.w.org\/{rel}","templated":true}]}}