{"id":1519,"date":"2024-11-14T21:04:47","date_gmt":"2024-11-14T21:04:47","guid":{"rendered":"https:\/\/literatur-made-in-osnabrueck.de\/?p=1519"},"modified":"2024-11-14T21:04:49","modified_gmt":"2024-11-14T21:04:49","slug":"weihnachtskartenbuch-mit-briefumschlag","status":"publish","type":"post","link":"https:\/\/literatur-made-in-osnabrueck.de\/?p=1519","title":{"rendered":"Weihnachtskartenbuch mit Briefumschlag"},"content":{"rendered":"\n<div class=\"wp-block-media-text is-stacked-on-mobile is-vertically-aligned-top\" style=\"grid-template-columns:31% auto\"><figure class=\"wp-block-media-text__media\"><img loading=\"lazy\" decoding=\"async\" width=\"726\" height=\"1024\" src=\"https:\/\/literatur-made-in-osnabrueck.de\/wp-content\/uploads\/2024\/11\/DSC00677-726x1024.jpg\" alt=\"\" class=\"wp-image-1520 size-full\" srcset=\"https:\/\/literatur-made-in-osnabrueck.de\/wp-content\/uploads\/2024\/11\/DSC00677-726x1024.jpg 726w, https:\/\/literatur-made-in-osnabrueck.de\/wp-content\/uploads\/2024\/11\/DSC00677-213x300.jpg 213w, https:\/\/literatur-made-in-osnabrueck.de\/wp-content\/uploads\/2024\/11\/DSC00677-768x1084.jpg 768w, https:\/\/literatur-made-in-osnabrueck.de\/wp-content\/uploads\/2024\/11\/DSC00677-1088x1536.jpg 1088w, https:\/\/literatur-made-in-osnabrueck.de\/wp-content\/uploads\/2024\/11\/DSC00677-1451x2048.jpg 1451w, https:\/\/literatur-made-in-osnabrueck.de\/wp-content\/uploads\/2024\/11\/DSC00677-scaled.jpg 1814w\" sizes=\"auto, (max-width: 726px) 100vw, 726px\" \/><\/figure><div class=\"wp-block-media-text__content\">\n<p class=\"has-small-font-size\">Dieses Jahr hat sich Kerstin Broszat f\u00fcr alle B\u00fccherfans was Besonderes ausgedacht:<\/p>\n\n\n\n<p class=\"has-small-font-size\"><strong>Weihnachtskarte + Weihnachtgeschichte + Briefumschlag = Weihnachtsgru\u00dfkartenbuch <\/strong><strong>\ud83c\udf84<\/strong><\/p>\n\n\n\n<p class=\"has-small-font-size\">Gibt\u2019s ab sofort zu kaufen exklusiv vor Ort in Osnabr\u00fcck bei:<\/p>\n\n\n\n<ul class=\"wp-block-list\">\n<li class=\"has-small-font-size\">Altst\u00e4dter Buchhandlung an der Bierstra\u00dfe<\/li>\n\n\n\n<li class=\"has-small-font-size\">Druck und Papier-Art an der Lotter Stra\u00dfe<\/li>\n\n\n\n<li class=\"has-small-font-size\">Buchhandlung Zur Heide an der Dielinger Stra\u00dfe<\/li>\n\n\n\n<li class=\"has-small-font-size\">Sch\u00f6ngeist an der \u201eAlte M\u00fcnze\u201c (Adolf-Reichwein-Platz)<\/li>\n\n\n\n<li class=\"has-small-font-size\">Evtl. ab Ende November zus\u00e4tzlich noch bei Kunst&amp;mehr Winkler an der Krahnstra\u00dfe<\/li>\n<\/ul>\n\n\n\n<p class=\"has-small-font-size\">Und dabei k\u00f6nnt Ihr gleichzeitig in diesen tollen Gesch\u00e4ften richtig gut st\u00f6bern und vielleicht noch das eine oder andere Weihnachtgeschenk finden.                                                        Online gibt&#8217;s die Karten auch, aber mit Versandkosten beim Osnabr\u00fccker Quadratur-Verlag: <a href=\"https:\/\/www.knowware.de\/\">www.knowware.de<\/a><\/p>\n\n\n\n<p><\/p>\n<\/div><\/div>\n","protected":false},"excerpt":{"rendered":"","protected":false},"author":1,"featured_media":0,"comment_status":"closed","ping_status":"open","sticky":false,"template":"","format":"standard","meta":{"_jetpack_memberships_contains_paid_content":false,"footnotes":""},"categories":[221,18],"tags":[403,419,418],"class_list":["post-1519","post","type-post","status-publish","format-standard","hentry","category-buecher-von-kerstin-broszat","category-kurzgeschichten-anthologien","tag-weihnacht","tag-weihnachtsgeschichte","tag-weihnachtskarte"],"jetpack_featured_media_url":"","jetpack_sharing_enabled":true,"_links":{"self":[{"href":"https:\/\/literatur-made-in-osnabrueck.de\/index.php?rest_route=\/wp\/v2\/posts\/1519","targetHints":{"allow":["GET"]}}],"collection":[{"href":"https:\/\/literatur-made-in-osnabrueck.de\/index.php?rest_route=\/wp\/v2\/posts"}],"about":[{"href":"https:\/\/literatur-made-in-osnabrueck.de\/index.php?rest_route=\/wp\/v2\/types\/post"}],"author":[{"embeddable":true,"href":"https:\/\/literatur-made-in-osnabrueck.de\/index.php?rest_route=\/wp\/v2\/users\/1"}],"replies":[{"embeddable":true,"href":"https:\/\/literatur-made-in-osnabrueck.de\/index.php?rest_route=%2Fwp%2Fv2%2Fcomments&post=1519"}],"version-history":[{"count":1,"href":"https:\/\/literatur-made-in-osnabrueck.de\/index.php?rest_route=\/wp\/v2\/posts\/1519\/revisions"}],"predecessor-version":[{"id":1521,"href":"https:\/\/literatur-made-in-osnabrueck.de\/index.php?rest_route=\/wp\/v2\/posts\/1519\/revisions\/1521"}],"wp:attachment":[{"href":"https:\/\/literatur-made-in-osnabrueck.de\/index.php?rest_route=%2Fwp%2Fv2%2Fmedia&parent=1519"}],"wp:term":[{"taxonomy":"category","embeddable":true,"href":"https:\/\/literatur-made-in-osnabrueck.de\/index.php?rest_route=%2Fwp%2Fv2%2Fcategories&post=1519"},{"taxonomy":"post_tag","embeddable":true,"href":"https:\/\/literatur-made-in-osnabrueck.de\/index.php?rest_route=%2Fwp%2Fv2%2Ftags&post=1519"}],"curies":[{"name":"wp","href":"https:\/\/api.w.org\/{rel}","templated":true}]}}