{"id":1506,"date":"2024-10-19T20:39:29","date_gmt":"2024-10-19T20:39:29","guid":{"rendered":"https:\/\/literatur-made-in-osnabrueck.de\/?p=1506"},"modified":"2024-10-19T20:40:17","modified_gmt":"2024-10-19T20:40:17","slug":"bukkbuch-und-kunst-und-kuchen-podcast-am-22-10-2024-mit-dem-ersten-unordentlichen-zimmertheater","status":"publish","type":"post","link":"https:\/\/literatur-made-in-osnabrueck.de\/?p=1506","title":{"rendered":"BUKK(Buch und Kunst und Kuchen)-Podcast am 22.10.2024 im Ersten unordentlichen Zimmertheater"},"content":{"rendered":"\n<div class=\"wp-block-media-text is-stacked-on-mobile is-vertically-aligned-top\" style=\"grid-template-columns:36% auto\"><figure class=\"wp-block-media-text__media\"><img loading=\"lazy\" decoding=\"async\" width=\"850\" height=\"478\" src=\"https:\/\/literatur-made-in-osnabrueck.de\/wp-content\/uploads\/2024\/10\/BUKK-Zimmertheater72-22102024.jpg\" alt=\"\" class=\"wp-image-1507 size-full\" srcset=\"https:\/\/literatur-made-in-osnabrueck.de\/wp-content\/uploads\/2024\/10\/BUKK-Zimmertheater72-22102024.jpg 850w, https:\/\/literatur-made-in-osnabrueck.de\/wp-content\/uploads\/2024\/10\/BUKK-Zimmertheater72-22102024-300x169.jpg 300w, https:\/\/literatur-made-in-osnabrueck.de\/wp-content\/uploads\/2024\/10\/BUKK-Zimmertheater72-22102024-768x432.jpg 768w\" sizes=\"auto, (max-width: 850px) 100vw, 850px\" \/><\/figure><div class=\"wp-block-media-text__content\">\n<p class=\"has-small-font-size\">Als Gegenleistung f\u00fcr Zitronenkuchen standen Nils Stickan, Sonja Damaschke und Dorothe Hermes vom Ersten Unordentlichen Zimmertheater Osnabr\u00fcck den beiden Podcasterinnen Tina Schick und Kerstin Broszat Rede und Antwort.<\/p>\n\n\n\n<p class=\"has-small-font-size\">Und zwar \u00fcber das laufende Programm im Herbst und vor allem \u00fcber das neue St\u00fcck \u201eIm Abgang sturzgef\u00e4hrdet\u201c (nach einem neuen Krimi von Tina Schick), das Silvester Premiere haben wird und dann in den folgenden Monaten jeweils an den Wochenenden zu sehen ist, \u00fcber Auswendiglernen der Rollen, \u00fcber Lampenfieber, \u00fcber Inszenierung von fremden St\u00fccken und, und, und.<\/p>\n\n\n\n<p class=\"has-small-font-size\">Dienstag, 22. Oktober 2024 um 20.00 Uhr live auf OS-Radio 104,8 im Stream unter <a href=\"https:\/\/www.osradio.de\/\"><strong>www.osradio.de\/<\/strong><\/a> oder im Radio auf UKW 104,8 und anschlie\u00dfend ab 21.00 Uhr als Podcast abrufbar \u00fcber die Podcastseite der Osnabr\u00fccker Rundschau <a href=\"https:\/\/os-rundschau.de\/category\/podcasts\/\">https:\/\/os-rundschau.de\/category\/podcasts\/<\/a><\/p>\n<\/div><\/div>\n","protected":false},"excerpt":{"rendered":"<p>Als Gegenleistung f\u00fcr Zitronenkuchen standen Nils Stickan, Sonja Damaschke und Dorothe Hermes vom Ersten Unordentlichen Zimmertheater Osnabr\u00fcck den beiden Podcasterinnen Tina Schick und Kerstin Broszat Rede und Antwort. Und zwar \u00fcber das laufende Programm im Herbst und vor allem \u00fcber das neue St\u00fcck \u201eIm Abgang sturzgef\u00e4hrdet\u201c (nach einem neuen Krimi von Tina Schick), das Silvester &hellip; <a href=\"https:\/\/literatur-made-in-osnabrueck.de\/?p=1506\" class=\"more-link\"><span class=\"screen-reader-text\">BUKK(Buch und Kunst und Kuchen)-Podcast am 22.10.2024 im Ersten unordentlichen Zimmertheater<\/span> weiterlesen<\/a><\/p>\n","protected":false},"author":1,"featured_media":0,"comment_status":"closed","ping_status":"open","sticky":false,"template":"","format":"standard","meta":{"_jetpack_memberships_contains_paid_content":false,"footnotes":""},"categories":[45,21],"tags":[411,408,409,410],"class_list":["post-1506","post","type-post","status-publish","format-standard","hentry","category-kerstin-broszat","category-schick_tina","tag-dorothe-hermes","tag-erstes-unordentliches-zimmertheater","tag-nils-stickan","tag-sonja-damaschke"],"jetpack_featured_media_url":"","jetpack_sharing_enabled":true,"_links":{"self":[{"href":"https:\/\/literatur-made-in-osnabrueck.de\/index.php?rest_route=\/wp\/v2\/posts\/1506","targetHints":{"allow":["GET"]}}],"collection":[{"href":"https:\/\/literatur-made-in-osnabrueck.de\/index.php?rest_route=\/wp\/v2\/posts"}],"about":[{"href":"https:\/\/literatur-made-in-osnabrueck.de\/index.php?rest_route=\/wp\/v2\/types\/post"}],"author":[{"embeddable":true,"href":"https:\/\/literatur-made-in-osnabrueck.de\/index.php?rest_route=\/wp\/v2\/users\/1"}],"replies":[{"embeddable":true,"href":"https:\/\/literatur-made-in-osnabrueck.de\/index.php?rest_route=%2Fwp%2Fv2%2Fcomments&post=1506"}],"version-history":[{"count":2,"href":"https:\/\/literatur-made-in-osnabrueck.de\/index.php?rest_route=\/wp\/v2\/posts\/1506\/revisions"}],"predecessor-version":[{"id":1509,"href":"https:\/\/literatur-made-in-osnabrueck.de\/index.php?rest_route=\/wp\/v2\/posts\/1506\/revisions\/1509"}],"wp:attachment":[{"href":"https:\/\/literatur-made-in-osnabrueck.de\/index.php?rest_route=%2Fwp%2Fv2%2Fmedia&parent=1506"}],"wp:term":[{"taxonomy":"category","embeddable":true,"href":"https:\/\/literatur-made-in-osnabrueck.de\/index.php?rest_route=%2Fwp%2Fv2%2Fcategories&post=1506"},{"taxonomy":"post_tag","embeddable":true,"href":"https:\/\/literatur-made-in-osnabrueck.de\/index.php?rest_route=%2Fwp%2Fv2%2Ftags&post=1506"}],"curies":[{"name":"wp","href":"https:\/\/api.w.org\/{rel}","templated":true}]}}