{"id":1488,"date":"2024-08-27T20:31:50","date_gmt":"2024-08-27T20:31:50","guid":{"rendered":"https:\/\/literatur-made-in-osnabrueck.de\/?p=1488"},"modified":"2024-08-27T20:31:53","modified_gmt":"2024-08-27T20:31:53","slug":"lesungsmarathon-im-ledenhof-waehrend-der-kulturnacht-am-31-8-24","status":"publish","type":"post","link":"https:\/\/literatur-made-in-osnabrueck.de\/?p=1488","title":{"rendered":"Lesungsmarathon im Ledenhof w\u00e4hrend der Kulturnacht am 31.8.24"},"content":{"rendered":"\n<div class=\"wp-block-media-text is-stacked-on-mobile is-vertically-aligned-top\" style=\"grid-template-columns:46% auto\"><figure class=\"wp-block-media-text__media\"><img loading=\"lazy\" decoding=\"async\" width=\"719\" height=\"524\" src=\"https:\/\/literatur-made-in-osnabrueck.de\/wp-content\/uploads\/2024\/08\/Firefox_Screenshot_2024-08-27T20-20-59.512Z.png\" alt=\"\" class=\"wp-image-1489 size-full\" srcset=\"https:\/\/literatur-made-in-osnabrueck.de\/wp-content\/uploads\/2024\/08\/Firefox_Screenshot_2024-08-27T20-20-59.512Z.png 719w, https:\/\/literatur-made-in-osnabrueck.de\/wp-content\/uploads\/2024\/08\/Firefox_Screenshot_2024-08-27T20-20-59.512Z-300x219.png 300w\" sizes=\"auto, (max-width: 719px) 100vw, 719px\" \/><\/figure><div class=\"wp-block-media-text__content\">\n<p class=\"has-small-font-size\">Die spannenden und abwechslungsreichen Kurzlesungen werden im gesamten historischen Geb\u00e4udekomplex des Ledenhofs stattfinden. Zwischendurch k\u00f6nnen Neugierige bei einer der angebotenen F\u00fchrungen durch das Haus die alten Gem\u00e4uer erkunden.<\/p>\n\n\n\n<p class=\"has-small-font-size\">Und dieses Programm hat Jens Peters, Leiter des Literaturb\u00fcros Westniedersachsen gemeinsam mit der ebenfalls im Ledenhof ans\u00e4ssigen \u201eDeutsche Stiftung Friedensforschung\u201c zusammengestellt:<\/p>\n\n\n\n<p class=\"has-small-font-size\">18.00 \u2013 18.30: Erste F\u00fchrung<br>18.30: Sarah Lemme liest aus \u201eColliding Hearts\u201c (Terasse Innenhof; bei schlechtem Wetter Vorraum Stiftung \u2013 EG)<br>18.45: Erika Heyde lies aus \u201eLeben. Facettenreich schimmernd\u201c (Renaissancesaal \u2013 1. OG)<br>19.00 \u2013 19.30: Zweite F\u00fchrung<br>19.30: Svenja Niepel liest aus \u201eKriech und Fliegen\u201c (Vorraum Stiftung \u2013 EG)<br>19:45: Tina Schick liest \u201eBewegte Ampel\u201c aus der \u201eFamilienhimmel-Anthologie\u201c (Alte K\u00fcche \u2013 1. OG)<br>20.00 \u2013 20.30: Dritte F\u00fchrung<br>20.30 Arjen Ligtvoet liest aus \u201eRasierspiegelung\u201c&nbsp;(Alte K\u00fcche \u2013 1. OG)<br>20.45 Dorothee Kr\u00e4mer liest aus \u201eVon der Poesie deiner Worte\u201c (Renaissancesaal \u2013 1. OG)<br>21.00 Stefan Wellmann liest aus \u201eFlausen 2 \u2013 Der Hase l\u00e4uft\u201c (Lagerraum Saal \u2013 1. OG)<br>21.15 Melanie Jungk liest aus \u201eGustav\u201c (Renaissancesaal \u2013 1. OG)<br>21.30 Rita Roth liest aus \u201eGretje Blom ermittelt\u201c (Alte K\u00fcche \u2013 1. OG)<br>21.45 Ansgar Frohne liest aus \u201e7-minute warnings\u201c (Lagerraum Saal \u2013 1. OG)<br>22.00 Ingo M. Ebert liest aus \u201eMeine erste Mittelohrentz\u00fcndung\u201c (B\u00fcro LB \u2013 2. OG)<br>22.15 Kerstin Broszat liest \u201eFang des Tages\u201c aus \u201eTraumf\u00e4nger\u201c (Renaissancesaal \u2013 1. OG)<br>22.30 Sabine Kreinacke liest aus \u201eMordshungrig\u201c (B\u00fcro LB \u2013 1. OG)<br>22.45 Harald Keller liest aus seinem Osnabr\u00fcck-Krimi \u201eMordspensum\u201c (Renaissancesaal \u2013 1. OG)<br>23.00 Hendrike Witt liest \u201eDer Blauwal, der r\u00fcckw\u00e4rts am Himmel schwamm\u201c (Alte K\u00fcche \u2013 1. OG)<br>23.15 Yannick Jendrezok liest aus \u201eUnausweichlich\u201c (Vorraum Stiftung EG)<\/p>\n<\/div><\/div>\n","protected":false},"excerpt":{"rendered":"<p>Die spannenden und abwechslungsreichen Kurzlesungen werden im gesamten historischen Geb\u00e4udekomplex des Ledenhofs stattfinden. Zwischendurch k\u00f6nnen Neugierige bei einer der angebotenen F\u00fchrungen durch das Haus die alten Gem\u00e4uer erkunden. Und dieses Programm hat Jens Peters, Leiter des Literaturb\u00fcros Westniedersachsen gemeinsam mit der ebenfalls im Ledenhof ans\u00e4ssigen \u201eDeutsche Stiftung Friedensforschung\u201c zusammengestellt: 18.00 \u2013 18.30: Erste F\u00fchrung18.30: Sarah &hellip; <a href=\"https:\/\/literatur-made-in-osnabrueck.de\/?p=1488\" class=\"more-link\"><span class=\"screen-reader-text\">Lesungsmarathon im Ledenhof w\u00e4hrend der Kulturnacht am 31.8.24<\/span> weiterlesen<\/a><\/p>\n","protected":false},"author":1,"featured_media":0,"comment_status":"closed","ping_status":"open","sticky":false,"template":"","format":"standard","meta":{"_jetpack_memberships_contains_paid_content":false,"footnotes":""},"categories":[45,41,151,93,346,6,27,280,159,21,153],"tags":[399,400],"class_list":["post-1488","post","type-post","status-publish","format-standard","hentry","category-kerstin-broszat","category-ingo-m-ebert","category-jungk-melanie","category-harald-keller","category-lemme-sarah","category-lesung","category-literaturbuero-westniedersachsen","category-niepel-svenja","category-roth-rita","category-schick_tina","category-wellmann-stefan","tag-kulturnacht-2024","tag-ledenhof"],"jetpack_featured_media_url":"","jetpack_sharing_enabled":true,"_links":{"self":[{"href":"https:\/\/literatur-made-in-osnabrueck.de\/index.php?rest_route=\/wp\/v2\/posts\/1488","targetHints":{"allow":["GET"]}}],"collection":[{"href":"https:\/\/literatur-made-in-osnabrueck.de\/index.php?rest_route=\/wp\/v2\/posts"}],"about":[{"href":"https:\/\/literatur-made-in-osnabrueck.de\/index.php?rest_route=\/wp\/v2\/types\/post"}],"author":[{"embeddable":true,"href":"https:\/\/literatur-made-in-osnabrueck.de\/index.php?rest_route=\/wp\/v2\/users\/1"}],"replies":[{"embeddable":true,"href":"https:\/\/literatur-made-in-osnabrueck.de\/index.php?rest_route=%2Fwp%2Fv2%2Fcomments&post=1488"}],"version-history":[{"count":1,"href":"https:\/\/literatur-made-in-osnabrueck.de\/index.php?rest_route=\/wp\/v2\/posts\/1488\/revisions"}],"predecessor-version":[{"id":1490,"href":"https:\/\/literatur-made-in-osnabrueck.de\/index.php?rest_route=\/wp\/v2\/posts\/1488\/revisions\/1490"}],"wp:attachment":[{"href":"https:\/\/literatur-made-in-osnabrueck.de\/index.php?rest_route=%2Fwp%2Fv2%2Fmedia&parent=1488"}],"wp:term":[{"taxonomy":"category","embeddable":true,"href":"https:\/\/literatur-made-in-osnabrueck.de\/index.php?rest_route=%2Fwp%2Fv2%2Fcategories&post=1488"},{"taxonomy":"post_tag","embeddable":true,"href":"https:\/\/literatur-made-in-osnabrueck.de\/index.php?rest_route=%2Fwp%2Fv2%2Ftags&post=1488"}],"curies":[{"name":"wp","href":"https:\/\/api.w.org\/{rel}","templated":true}]}}