{"id":1485,"date":"2024-08-25T19:45:34","date_gmt":"2024-08-25T19:45:34","guid":{"rendered":"https:\/\/literatur-made-in-osnabrueck.de\/?p=1485"},"modified":"2024-08-25T19:45:37","modified_gmt":"2024-08-25T19:45:37","slug":"bukk-buch-und-kunst-und-kuchen-podcast-mit-christoph-beyer","status":"publish","type":"post","link":"https:\/\/literatur-made-in-osnabrueck.de\/?p=1485","title":{"rendered":"BUKK (Buch und Kunst und Kuchen) Podcast mit Christoph Beyer"},"content":{"rendered":"\n<div class=\"wp-block-media-text is-stacked-on-mobile is-vertically-aligned-top\" style=\"grid-template-columns:34% auto\"><figure class=\"wp-block-media-text__media\"><img loading=\"lazy\" decoding=\"async\" width=\"850\" height=\"479\" src=\"https:\/\/literatur-made-in-osnabrueck.de\/wp-content\/uploads\/2024\/08\/Schick_Beyer_Broszat-72.jpg\" alt=\"\" class=\"wp-image-1486 size-full\" srcset=\"https:\/\/literatur-made-in-osnabrueck.de\/wp-content\/uploads\/2024\/08\/Schick_Beyer_Broszat-72.jpg 850w, https:\/\/literatur-made-in-osnabrueck.de\/wp-content\/uploads\/2024\/08\/Schick_Beyer_Broszat-72-300x169.jpg 300w, https:\/\/literatur-made-in-osnabrueck.de\/wp-content\/uploads\/2024\/08\/Schick_Beyer_Broszat-72-768x433.jpg 768w\" sizes=\"auto, (max-width: 850px) 100vw, 850px\" \/><\/figure><div class=\"wp-block-media-text__content\">\n<p class=\"has-small-font-size\">Tina Schick und Kerstin Broszat unterhalten sich eine viel zu kurze Stunde mit Christoph Beyer \u00fcber die Lust am Drau\u00dfensein, Spazierg\u00e4nge in und um Osnabr\u00fcck, das Emsland und den Kreis Steinfurt, \u00fcber Landwehrgr\u00e4ben und die Faszination f\u00fcr alte Kulturlandschaften und nat\u00fcrlich \u00fcber die Reisef\u00fchrer, die Christoph Beyer dar\u00fcber geschrieben hat.<\/p>\n\n\n\n<p class=\"has-small-font-size\">Ein weiteres Thema ist die teilweise gruselige Heimerziehung bis in die 70er Jahre hinein und Christoph Beyers Kriminalroman \u201eHeimzahlung\u201c, die genau das als Hintergrundgeschichte hat.<\/p>\n\n\n\n<p class=\"has-small-font-size\">Dienstag, 27. August 2024 um 20.00 Uhr live auf OS-Radio 104,8 im Stream unter <a href=\"https:\/\/www.osradio.de\/\"><strong>www.osradio.de\/<\/strong><\/a> oder im Radio auf UKW 104,8 und anschlie\u00dfend ab 21.00 Uhr als Podcast abrufbar \u00fcber die Podcastseite der Osnabr\u00fccker Rundschau <a href=\"https:\/\/os-rundschau.de\/category\/podcasts\/\">https:\/\/os-rundschau.de\/category\/podcasts\/<\/a><\/p>\n<\/div><\/div>\n","protected":false},"excerpt":{"rendered":"<p>Tina Schick und Kerstin Broszat unterhalten sich eine viel zu kurze Stunde mit Christoph Beyer \u00fcber die Lust am Drau\u00dfensein, Spazierg\u00e4nge in und um Osnabr\u00fcck, das Emsland und den Kreis Steinfurt, \u00fcber Landwehrgr\u00e4ben und die Faszination f\u00fcr alte Kulturlandschaften und nat\u00fcrlich \u00fcber die Reisef\u00fchrer, die Christoph Beyer dar\u00fcber geschrieben hat. Ein weiteres Thema ist die &hellip; <a href=\"https:\/\/literatur-made-in-osnabrueck.de\/?p=1485\" class=\"more-link\"><span class=\"screen-reader-text\">BUKK (Buch und Kunst und Kuchen) Podcast mit Christoph Beyer<\/span> weiterlesen<\/a><\/p>\n","protected":false},"author":1,"featured_media":0,"comment_status":"closed","ping_status":"open","sticky":false,"template":"","format":"standard","meta":{"_jetpack_memberships_contains_paid_content":false,"footnotes":""},"categories":[152,45,68,21],"tags":[243,397,29,398],"class_list":["post-1485","post","type-post","status-publish","format-standard","hentry","category-beyer-christoph","category-kerstin-broszat","category-radio-und-podcast","category-schick_tina","tag-christoph-beyer","tag-emsland","tag-osnabrueck","tag-steinfurth"],"jetpack_featured_media_url":"","jetpack_sharing_enabled":true,"_links":{"self":[{"href":"https:\/\/literatur-made-in-osnabrueck.de\/index.php?rest_route=\/wp\/v2\/posts\/1485","targetHints":{"allow":["GET"]}}],"collection":[{"href":"https:\/\/literatur-made-in-osnabrueck.de\/index.php?rest_route=\/wp\/v2\/posts"}],"about":[{"href":"https:\/\/literatur-made-in-osnabrueck.de\/index.php?rest_route=\/wp\/v2\/types\/post"}],"author":[{"embeddable":true,"href":"https:\/\/literatur-made-in-osnabrueck.de\/index.php?rest_route=\/wp\/v2\/users\/1"}],"replies":[{"embeddable":true,"href":"https:\/\/literatur-made-in-osnabrueck.de\/index.php?rest_route=%2Fwp%2Fv2%2Fcomments&post=1485"}],"version-history":[{"count":1,"href":"https:\/\/literatur-made-in-osnabrueck.de\/index.php?rest_route=\/wp\/v2\/posts\/1485\/revisions"}],"predecessor-version":[{"id":1487,"href":"https:\/\/literatur-made-in-osnabrueck.de\/index.php?rest_route=\/wp\/v2\/posts\/1485\/revisions\/1487"}],"wp:attachment":[{"href":"https:\/\/literatur-made-in-osnabrueck.de\/index.php?rest_route=%2Fwp%2Fv2%2Fmedia&parent=1485"}],"wp:term":[{"taxonomy":"category","embeddable":true,"href":"https:\/\/literatur-made-in-osnabrueck.de\/index.php?rest_route=%2Fwp%2Fv2%2Fcategories&post=1485"},{"taxonomy":"post_tag","embeddable":true,"href":"https:\/\/literatur-made-in-osnabrueck.de\/index.php?rest_route=%2Fwp%2Fv2%2Ftags&post=1485"}],"curies":[{"name":"wp","href":"https:\/\/api.w.org\/{rel}","templated":true}]}}