{"id":1481,"date":"2024-08-10T20:21:03","date_gmt":"2024-08-10T20:21:03","guid":{"rendered":"https:\/\/literatur-made-in-osnabrueck.de\/?p=1481"},"modified":"2024-08-10T20:21:06","modified_gmt":"2024-08-10T20:21:06","slug":"sabine-wittemeier-sam-und-der-magische-gefuehlskompass","status":"publish","type":"post","link":"https:\/\/literatur-made-in-osnabrueck.de\/?p=1481","title":{"rendered":"Sabine Wittemeier: Sam und der magische Gef\u00fchlskompass"},"content":{"rendered":"\n<div class=\"wp-block-media-text is-stacked-on-mobile is-vertically-aligned-top\" style=\"grid-template-columns:30% auto\"><figure class=\"wp-block-media-text__media\"><img loading=\"lazy\" decoding=\"async\" width=\"791\" height=\"1024\" src=\"https:\/\/literatur-made-in-osnabrueck.de\/wp-content\/uploads\/2024\/08\/Magischer_Kompass_klein-791x1024.jpg\" alt=\"\" class=\"wp-image-1482 size-full\" srcset=\"https:\/\/literatur-made-in-osnabrueck.de\/wp-content\/uploads\/2024\/08\/Magischer_Kompass_klein-791x1024.jpg 791w, https:\/\/literatur-made-in-osnabrueck.de\/wp-content\/uploads\/2024\/08\/Magischer_Kompass_klein-232x300.jpg 232w, https:\/\/literatur-made-in-osnabrueck.de\/wp-content\/uploads\/2024\/08\/Magischer_Kompass_klein-768x994.jpg 768w, https:\/\/literatur-made-in-osnabrueck.de\/wp-content\/uploads\/2024\/08\/Magischer_Kompass_klein-1187x1536.jpg 1187w, https:\/\/literatur-made-in-osnabrueck.de\/wp-content\/uploads\/2024\/08\/Magischer_Kompass_klein.jpg 1580w\" sizes=\"auto, (max-width: 791px) 100vw, 791px\" \/><\/figure><div class=\"wp-block-media-text__content\">\n<p class=\"has-small-font-size\">Eine zauberhafte Reise in die Welt der Emotionen<\/p>\n\n\n\n<p class=\"has-small-font-size\">Sam ist v\u00f6llig aufgew\u00fchlt, als der Erfinder Professor Emotionius das Kind in seine urige Werkstatt bittet. Kurz darauf \u00fcberreicht der Professor Sam seine allerbeste Erfindung: eine goldene Taschenuhr mit magischen F\u00e4higkeiten. Sie soll dabei helfen, die unsichtbare Gef\u00fchlswelt kennenzulernen. Aber wie soll das funktionieren? Eine Taschenuhr hat doch nun wirklich nichts mit Gef\u00fchlen zu tun, oder etwa doch?                                       <strong>Gef\u00fchle erkennen, verstehen und achtsam mit ihnen umgehen<\/strong>.                                                                                       Begleite Sam auf einer magischen Reise durch die Welt der Emotionen und navigiert gemeinsam durch diese zw\u00f6lf Gef\u00fchle: Liebe, \u00dcberraschung, Freude, Langeweile, Scham, Traurigkeit, Wut, Ekel, Angst, Mut, Aufregung und Ungeduld. <\/p>\n\n\n\n<p class=\"has-small-font-size\">Softcover, 79 Seiten, 15,99 \u20ac<\/p>\n\n\n\n<p class=\"has-small-font-size\">Dieses und weitere B\u00fccher von Sabine Wittemeier sind auf ihrer Website (<a href=\"https:\/\/www.lendrik-buch.de\">https:\/\/www.lendrik-buch.de<\/a>) zu finden. \u00dcber ihren Web-Shop (<a href=\"https:\/\/www.lendrik-buch.de\/Buchbestellung\">https:\/\/www.lendrik-buch.de\/Buchbestellung<\/a>) k\u00f6nnen alle B\u00fccher bei ihr pers\u00f6nlich bestellt werden.<br>\u00a0<\/p>\n<\/div><\/div>\n","protected":false},"excerpt":{"rendered":"<p>Eine zauberhafte Reise in die Welt der Emotionen Sam ist v\u00f6llig aufgew\u00fchlt, als der Erfinder Professor Emotionius das Kind in seine urige Werkstatt bittet. Kurz darauf \u00fcberreicht der Professor Sam seine allerbeste Erfindung: eine goldene Taschenuhr mit magischen F\u00e4higkeiten. Sie soll dabei helfen, die unsichtbare Gef\u00fchlswelt kennenzulernen. Aber wie soll das funktionieren? Eine Taschenuhr hat &hellip; <a href=\"https:\/\/literatur-made-in-osnabrueck.de\/?p=1481\" class=\"more-link\"><span class=\"screen-reader-text\">Sabine Wittemeier: Sam und der magische Gef\u00fchlskompass<\/span> weiterlesen<\/a><\/p>\n","protected":false},"author":1,"featured_media":0,"comment_status":"closed","ping_status":"open","sticky":false,"template":"","format":"standard","meta":{"_jetpack_memberships_contains_paid_content":false,"footnotes":""},"categories":[17,114],"tags":[395,394,193,396],"class_list":["post-1481","post","type-post","status-publish","format-standard","hentry","category-kinder-und-jungendbuecher","category-wittemeier-sabine","tag-gefuehlskompass","tag-kinderbuecher","tag-sabine-wittemeier","tag-sam"],"jetpack_featured_media_url":"","jetpack_sharing_enabled":true,"_links":{"self":[{"href":"https:\/\/literatur-made-in-osnabrueck.de\/index.php?rest_route=\/wp\/v2\/posts\/1481","targetHints":{"allow":["GET"]}}],"collection":[{"href":"https:\/\/literatur-made-in-osnabrueck.de\/index.php?rest_route=\/wp\/v2\/posts"}],"about":[{"href":"https:\/\/literatur-made-in-osnabrueck.de\/index.php?rest_route=\/wp\/v2\/types\/post"}],"author":[{"embeddable":true,"href":"https:\/\/literatur-made-in-osnabrueck.de\/index.php?rest_route=\/wp\/v2\/users\/1"}],"replies":[{"embeddable":true,"href":"https:\/\/literatur-made-in-osnabrueck.de\/index.php?rest_route=%2Fwp%2Fv2%2Fcomments&post=1481"}],"version-history":[{"count":1,"href":"https:\/\/literatur-made-in-osnabrueck.de\/index.php?rest_route=\/wp\/v2\/posts\/1481\/revisions"}],"predecessor-version":[{"id":1483,"href":"https:\/\/literatur-made-in-osnabrueck.de\/index.php?rest_route=\/wp\/v2\/posts\/1481\/revisions\/1483"}],"wp:attachment":[{"href":"https:\/\/literatur-made-in-osnabrueck.de\/index.php?rest_route=%2Fwp%2Fv2%2Fmedia&parent=1481"}],"wp:term":[{"taxonomy":"category","embeddable":true,"href":"https:\/\/literatur-made-in-osnabrueck.de\/index.php?rest_route=%2Fwp%2Fv2%2Fcategories&post=1481"},{"taxonomy":"post_tag","embeddable":true,"href":"https:\/\/literatur-made-in-osnabrueck.de\/index.php?rest_route=%2Fwp%2Fv2%2Ftags&post=1481"}],"curies":[{"name":"wp","href":"https:\/\/api.w.org\/{rel}","templated":true}]}}