{"id":1437,"date":"2024-05-27T19:06:43","date_gmt":"2024-05-27T19:06:43","guid":{"rendered":"https:\/\/literatur-made-in-osnabrueck.de\/?p=1437"},"modified":"2024-05-27T19:06:45","modified_gmt":"2024-05-27T19:06:45","slug":"bukk-buch-und-kunst-und-kuchen-podcast-am-28-05-2024-um-20-00-uhr-auf-os-radio-1048","status":"publish","type":"post","link":"https:\/\/literatur-made-in-osnabrueck.de\/?p=1437","title":{"rendered":"BUKK (Buch und Kunst und Kuchen) &#8211; Podcast am 28.05.2024 um 20.00 Uhr auf OS-Radio 104,8"},"content":{"rendered":"\n<div class=\"wp-block-media-text is-stacked-on-mobile is-vertically-aligned-top\" style=\"grid-template-columns:41% auto\"><figure class=\"wp-block-media-text__media\"><img loading=\"lazy\" decoding=\"async\" width=\"456\" height=\"483\" src=\"https:\/\/literatur-made-in-osnabrueck.de\/wp-content\/uploads\/2024\/05\/Firefox_Screenshot_2024-05-26T20-09-23.008Z.png\" alt=\"\" class=\"wp-image-1438 size-full\" srcset=\"https:\/\/literatur-made-in-osnabrueck.de\/wp-content\/uploads\/2024\/05\/Firefox_Screenshot_2024-05-26T20-09-23.008Z.png 456w, https:\/\/literatur-made-in-osnabrueck.de\/wp-content\/uploads\/2024\/05\/Firefox_Screenshot_2024-05-26T20-09-23.008Z-283x300.png 283w\" sizes=\"auto, (max-width: 456px) 100vw, 456px\" \/><\/figure><div class=\"wp-block-media-text__content\">\n<p class=\"has-small-font-size\"><strong>Der Osnabr\u00fccker <\/strong>Verein zur p\u00e4dagogischen Arbeit mit Kindern aus Zuwandererfamilien e. V. hat vor Jahren ein Projekt ins Leben gerufen, um Frauen mit Migrationshintergrund zu unterst\u00fctzen, die deutsche Sprache und Kultur kennenzulernen.<\/p>\n\n\n\n<p class=\"has-small-font-size\">\u00dcber dieses tolle Projekt sprechen Tina Schick und Kerstin Broszat in ihrem Podcast mit Annika Wellner, der Leiterin dieser Kurse \u2013 und sie hat sehr, sehr viel zu erz\u00e4hlen.<\/p>\n\n\n\n<p class=\"has-small-font-size\">Das Projekt ist bewusst niederschwellig angelegt, und vor allem besteht die M\u00f6glichkeit, dass Frauen, die teilnehmen m\u00f6chten, ihre kleinen Kinder, f\u00fcr die (noch) keine Betreuungsm\u00f6glichkeit gegeben ist, mitbringen k\u00f6nnen.<\/p>\n\n\n\n<p class=\"has-small-font-size\">Finanziert werden die Kurse, die unter anderem im Stadtteilzentrum \u201eHeinz Fitschen Haus\u201c im Schinkel stattfinden, durch Zusch\u00fcsse, Teilnehmerinnenbeitr\u00e4ge und vor allem durch Spenden.<\/p>\n\n\n\n<p class=\"has-small-font-size\">Einige Osnabr\u00fccker Autorinnen und Autoren haben nun eine Anthologie mit Familiengeschichten zusammengestellt, von deren Verkaufspreis jeweils 3 Euro als Spende in dieses Frauenprojekt geht.<\/p>\n\n\n\n<p class=\"has-small-font-size\">Projekt und Buch werden am 6. Juni 2024 um 19.00 Uhr im Rahmen einer unterhaltsamen Lesung im Heinz Fitschen Haus, Heiligenweg 40 in Osnabr\u00fcck vorgestellt und kann anschlie\u00dfend dort auch erworben werden.<\/p>\n\n\n\n<p class=\"has-small-font-size\">Radiopodcast mit Annika Wellner vom VPAK: Dienstag, 28. Mai 2024 um 20.00 Uhr live auf OS-Radio 104,8 im Stream unter <a href=\"https:\/\/www.osradio.de\/\"><strong>www.osradio.de\/<\/strong><\/a> oder im Radio auf UKW 104,8 und anschlie\u00dfend ab 21.00 Uhr als Podcast abrufbar \u00fcber die Podcastseite der Osnabr\u00fccker Rundschau <a href=\"http:\/\/www.os-rundschau.de\/\">www.os-rundschau.de\/<\/a> .<\/p>\n<\/div><\/div>\n","protected":false},"excerpt":{"rendered":"<p>Der Osnabr\u00fccker Verein zur p\u00e4dagogischen Arbeit mit Kindern aus Zuwandererfamilien e. V. hat vor Jahren ein Projekt ins Leben gerufen, um Frauen mit Migrationshintergrund zu unterst\u00fctzen, die deutsche Sprache und Kultur kennenzulernen. \u00dcber dieses tolle Projekt sprechen Tina Schick und Kerstin Broszat in ihrem Podcast mit Annika Wellner, der Leiterin dieser Kurse \u2013 und sie &hellip; <a href=\"https:\/\/literatur-made-in-osnabrueck.de\/?p=1437\" class=\"more-link\"><span class=\"screen-reader-text\">BUKK (Buch und Kunst und Kuchen) &#8211; Podcast am 28.05.2024 um 20.00 Uhr auf OS-Radio 104,8<\/span> weiterlesen<\/a><\/p>\n","protected":false},"author":1,"featured_media":0,"comment_status":"closed","ping_status":"open","sticky":false,"template":"","format":"standard","meta":{"_jetpack_memberships_contains_paid_content":false,"footnotes":""},"categories":[45,18,6,68,21],"tags":[372,30,240,249,370],"class_list":["post-1437","post","type-post","status-publish","format-standard","hentry","category-kerstin-broszat","category-kurzgeschichten-anthologien","category-lesung","category-radio-und-podcast","category-schick_tina","tag-frauenprojekt","tag-lesung","tag-os-radio-104-8","tag-podcast","tag-vpak"],"jetpack_featured_media_url":"","jetpack_sharing_enabled":true,"_links":{"self":[{"href":"https:\/\/literatur-made-in-osnabrueck.de\/index.php?rest_route=\/wp\/v2\/posts\/1437","targetHints":{"allow":["GET"]}}],"collection":[{"href":"https:\/\/literatur-made-in-osnabrueck.de\/index.php?rest_route=\/wp\/v2\/posts"}],"about":[{"href":"https:\/\/literatur-made-in-osnabrueck.de\/index.php?rest_route=\/wp\/v2\/types\/post"}],"author":[{"embeddable":true,"href":"https:\/\/literatur-made-in-osnabrueck.de\/index.php?rest_route=\/wp\/v2\/users\/1"}],"replies":[{"embeddable":true,"href":"https:\/\/literatur-made-in-osnabrueck.de\/index.php?rest_route=%2Fwp%2Fv2%2Fcomments&post=1437"}],"version-history":[{"count":1,"href":"https:\/\/literatur-made-in-osnabrueck.de\/index.php?rest_route=\/wp\/v2\/posts\/1437\/revisions"}],"predecessor-version":[{"id":1439,"href":"https:\/\/literatur-made-in-osnabrueck.de\/index.php?rest_route=\/wp\/v2\/posts\/1437\/revisions\/1439"}],"wp:attachment":[{"href":"https:\/\/literatur-made-in-osnabrueck.de\/index.php?rest_route=%2Fwp%2Fv2%2Fmedia&parent=1437"}],"wp:term":[{"taxonomy":"category","embeddable":true,"href":"https:\/\/literatur-made-in-osnabrueck.de\/index.php?rest_route=%2Fwp%2Fv2%2Fcategories&post=1437"},{"taxonomy":"post_tag","embeddable":true,"href":"https:\/\/literatur-made-in-osnabrueck.de\/index.php?rest_route=%2Fwp%2Fv2%2Ftags&post=1437"}],"curies":[{"name":"wp","href":"https:\/\/api.w.org\/{rel}","templated":true}]}}