{"id":1402,"date":"2024-04-20T20:47:15","date_gmt":"2024-04-20T20:47:15","guid":{"rendered":"https:\/\/literatur-made-in-osnabrueck.de\/?p=1402"},"modified":"2024-04-20T20:47:17","modified_gmt":"2024-04-20T20:47:17","slug":"am-23-april-2024-ist-welttag-des-buches","status":"publish","type":"post","link":"https:\/\/literatur-made-in-osnabrueck.de\/?p=1402","title":{"rendered":"Am 23. April 2024 ist Welttag des Buches"},"content":{"rendered":"\n<p><\/p>\n\n\n\n<div class=\"wp-block-media-text is-stacked-on-mobile is-vertically-aligned-top\" style=\"grid-template-columns:44% auto\"><figure class=\"wp-block-media-text__media\"><img loading=\"lazy\" decoding=\"async\" width=\"507\" height=\"393\" src=\"https:\/\/literatur-made-in-osnabrueck.de\/wp-content\/uploads\/2024\/04\/Firefox_Screenshot_2024-04-20T20-40-23.439Z.png\" alt=\"\" class=\"wp-image-1403 size-full\" srcset=\"https:\/\/literatur-made-in-osnabrueck.de\/wp-content\/uploads\/2024\/04\/Firefox_Screenshot_2024-04-20T20-40-23.439Z.png 507w, https:\/\/literatur-made-in-osnabrueck.de\/wp-content\/uploads\/2024\/04\/Firefox_Screenshot_2024-04-20T20-40-23.439Z-300x233.png 300w\" sizes=\"auto, (max-width: 507px) 100vw, 507px\" \/><\/figure><div class=\"wp-block-media-text__content\">\n<p class=\"has-small-font-size\">Am 23. April 2024, dem Welttag des Buches, gibt es viele Aktionen f\u00fcr Schulen, f\u00fcr Buchhandlungen, f\u00fcr alle: <a href=\"https:\/\/www.welttag-des-buches.de\/\">https:\/\/www.welttag-des-buches.de\/<\/a><\/p>\n<\/div><\/div>\n","protected":false},"excerpt":{"rendered":"<p>Am 23. April 2024, dem Welttag des Buches, gibt es viele Aktionen f\u00fcr Schulen, f\u00fcr Buchhandlungen, f\u00fcr alle: https:\/\/www.welttag-des-buches.de\/<\/p>\n","protected":false},"author":1,"featured_media":0,"comment_status":"closed","ping_status":"open","sticky":false,"template":"","format":"standard","meta":{"_jetpack_memberships_contains_paid_content":false,"footnotes":""},"categories":[13],"tags":[351],"class_list":["post-1402","post","type-post","status-publish","format-standard","hentry","category-sonstige-veranstaltung","tag-welttag-des-buches"],"jetpack_featured_media_url":"","jetpack_sharing_enabled":true,"_links":{"self":[{"href":"https:\/\/literatur-made-in-osnabrueck.de\/index.php?rest_route=\/wp\/v2\/posts\/1402","targetHints":{"allow":["GET"]}}],"collection":[{"href":"https:\/\/literatur-made-in-osnabrueck.de\/index.php?rest_route=\/wp\/v2\/posts"}],"about":[{"href":"https:\/\/literatur-made-in-osnabrueck.de\/index.php?rest_route=\/wp\/v2\/types\/post"}],"author":[{"embeddable":true,"href":"https:\/\/literatur-made-in-osnabrueck.de\/index.php?rest_route=\/wp\/v2\/users\/1"}],"replies":[{"embeddable":true,"href":"https:\/\/literatur-made-in-osnabrueck.de\/index.php?rest_route=%2Fwp%2Fv2%2Fcomments&post=1402"}],"version-history":[{"count":1,"href":"https:\/\/literatur-made-in-osnabrueck.de\/index.php?rest_route=\/wp\/v2\/posts\/1402\/revisions"}],"predecessor-version":[{"id":1404,"href":"https:\/\/literatur-made-in-osnabrueck.de\/index.php?rest_route=\/wp\/v2\/posts\/1402\/revisions\/1404"}],"wp:attachment":[{"href":"https:\/\/literatur-made-in-osnabrueck.de\/index.php?rest_route=%2Fwp%2Fv2%2Fmedia&parent=1402"}],"wp:term":[{"taxonomy":"category","embeddable":true,"href":"https:\/\/literatur-made-in-osnabrueck.de\/index.php?rest_route=%2Fwp%2Fv2%2Fcategories&post=1402"},{"taxonomy":"post_tag","embeddable":true,"href":"https:\/\/literatur-made-in-osnabrueck.de\/index.php?rest_route=%2Fwp%2Fv2%2Ftags&post=1402"}],"curies":[{"name":"wp","href":"https:\/\/api.w.org\/{rel}","templated":true}]}}