{"id":1255,"date":"2024-02-01T21:57:49","date_gmt":"2024-02-01T21:57:49","guid":{"rendered":"https:\/\/literatur-made-in-osnabrueck.de\/?p=1255"},"modified":"2024-02-16T21:19:35","modified_gmt":"2024-02-16T21:19:35","slug":"oeffentliche-buecherschraenke-und-ragale-in-osnabrueck","status":"publish","type":"post","link":"https:\/\/literatur-made-in-osnabrueck.de\/?p=1255","title":{"rendered":"\u00d6ffentliche B\u00fccherschr\u00e4nke und -regale in Osnabr\u00fcck"},"content":{"rendered":"\n<p><a href=\"https:\/\/literatur-made-in-osnabrueck.de?download=1253&amp;tmstv=1707681731\">PDF-Download der B\u00fccherschrank-Liste<\/a><\/p>\n\n\n\n<div class=\"wp-block-media-text is-stacked-on-mobile is-vertically-aligned-top\" style=\"grid-template-columns:38% auto\"><figure class=\"wp-block-media-text__media\"><img loading=\"lazy\" decoding=\"async\" width=\"575\" height=\"1024\" src=\"https:\/\/literatur-made-in-osnabrueck.de\/wp-content\/uploads\/2024\/02\/DSC08573-575x1024.jpg\" alt=\"\" class=\"wp-image-1278 size-full\" srcset=\"https:\/\/literatur-made-in-osnabrueck.de\/wp-content\/uploads\/2024\/02\/DSC08573-575x1024.jpg 575w, https:\/\/literatur-made-in-osnabrueck.de\/wp-content\/uploads\/2024\/02\/DSC08573-169x300.jpg 169w, https:\/\/literatur-made-in-osnabrueck.de\/wp-content\/uploads\/2024\/02\/DSC08573-768x1367.jpg 768w, https:\/\/literatur-made-in-osnabrueck.de\/wp-content\/uploads\/2024\/02\/DSC08573-863x1536.jpg 863w, https:\/\/literatur-made-in-osnabrueck.de\/wp-content\/uploads\/2024\/02\/DSC08573-1151x2048.jpg 1151w, https:\/\/literatur-made-in-osnabrueck.de\/wp-content\/uploads\/2024\/02\/DSC08573-scaled.jpg 1439w\" sizes=\"auto, (max-width: 575px) 100vw, 575px\" \/><\/figure><div class=\"wp-block-media-text__content\">\n<p>Dank vieler R\u00fcckmeldungen auf unsere Anfrage nach B\u00fccherschr\u00e4nken und Regalen auf Facebook gibt&#8217;s jetzt eine ganze Seite voll mit \u00d6ffentlichen B\u00fccherschr\u00e4nken und -regalen, Tauschregalen, Regalen in Geb\u00e4uden und Sozialen L\u00e4den in Osnabr\u00fcck.<\/p>\n\n\n\n<p>Und noch dazu zum Download als PDF f\u00fcr&#8217;s Handy oder zum Ausdrucken, zum Versenden per E-Mail &#8230;<\/p>\n\n\n\n<p>Viel Spa\u00df beim Lesen!<\/p>\n<\/div><\/div>\n","protected":false},"excerpt":{"rendered":"<p>PDF-Download der B\u00fccherschrank-Liste Dank vieler R\u00fcckmeldungen auf unsere Anfrage nach B\u00fccherschr\u00e4nken und Regalen auf Facebook gibt&#8217;s jetzt eine ganze Seite voll mit \u00d6ffentlichen B\u00fccherschr\u00e4nken und -regalen, Tauschregalen, Regalen in Geb\u00e4uden und Sozialen L\u00e4den in Osnabr\u00fcck. Und noch dazu zum Download als PDF f\u00fcr&#8217;s Handy oder zum Ausdrucken, zum Versenden per E-Mail &#8230; Viel Spa\u00df beim &hellip; <a href=\"https:\/\/literatur-made-in-osnabrueck.de\/?p=1255\" class=\"more-link\"><span class=\"screen-reader-text\">\u00d6ffentliche B\u00fccherschr\u00e4nke und -regale in Osnabr\u00fcck<\/span> weiterlesen<\/a><\/p>\n","protected":false},"author":1,"featured_media":0,"comment_status":"closed","ping_status":"open","sticky":false,"template":"","format":"standard","meta":{"_jetpack_memberships_contains_paid_content":false,"footnotes":""},"categories":[15,246,1],"tags":[247,248],"class_list":["post-1255","post","type-post","status-publish","format-standard","hentry","category-buecher","category-buecherschraenke-und-regale-in-os","category-uncategorized","tag-buecherschraenke","tag-gebrauchtbuecher"],"jetpack_featured_media_url":"","jetpack_sharing_enabled":true,"_links":{"self":[{"href":"https:\/\/literatur-made-in-osnabrueck.de\/index.php?rest_route=\/wp\/v2\/posts\/1255","targetHints":{"allow":["GET"]}}],"collection":[{"href":"https:\/\/literatur-made-in-osnabrueck.de\/index.php?rest_route=\/wp\/v2\/posts"}],"about":[{"href":"https:\/\/literatur-made-in-osnabrueck.de\/index.php?rest_route=\/wp\/v2\/types\/post"}],"author":[{"embeddable":true,"href":"https:\/\/literatur-made-in-osnabrueck.de\/index.php?rest_route=\/wp\/v2\/users\/1"}],"replies":[{"embeddable":true,"href":"https:\/\/literatur-made-in-osnabrueck.de\/index.php?rest_route=%2Fwp%2Fv2%2Fcomments&post=1255"}],"version-history":[{"count":9,"href":"https:\/\/literatur-made-in-osnabrueck.de\/index.php?rest_route=\/wp\/v2\/posts\/1255\/revisions"}],"predecessor-version":[{"id":1280,"href":"https:\/\/literatur-made-in-osnabrueck.de\/index.php?rest_route=\/wp\/v2\/posts\/1255\/revisions\/1280"}],"wp:attachment":[{"href":"https:\/\/literatur-made-in-osnabrueck.de\/index.php?rest_route=%2Fwp%2Fv2%2Fmedia&parent=1255"}],"wp:term":[{"taxonomy":"category","embeddable":true,"href":"https:\/\/literatur-made-in-osnabrueck.de\/index.php?rest_route=%2Fwp%2Fv2%2Fcategories&post=1255"},{"taxonomy":"post_tag","embeddable":true,"href":"https:\/\/literatur-made-in-osnabrueck.de\/index.php?rest_route=%2Fwp%2Fv2%2Ftags&post=1255"}],"curies":[{"name":"wp","href":"https:\/\/api.w.org\/{rel}","templated":true}]}}