{"id":1230,"date":"2024-01-21T21:37:57","date_gmt":"2024-01-21T21:37:57","guid":{"rendered":"https:\/\/literatur-made-in-osnabrueck.de\/?p=1230"},"modified":"2024-01-21T21:38:01","modified_gmt":"2024-01-21T21:38:01","slug":"bukk-buch-und-kunst-und-kuchen-mit-dem-osnabruecker-autor-stefan-wellmann-am-23-01-2024","status":"publish","type":"post","link":"https:\/\/literatur-made-in-osnabrueck.de\/?p=1230","title":{"rendered":"BUKK (Buch und Kunst und Kuchen) mit dem Osnabr\u00fccker Autor Stefan Wellmann am 23.01.2024"},"content":{"rendered":"\n<div class=\"wp-block-media-text is-stacked-on-mobile is-vertically-aligned-top\"><figure class=\"wp-block-media-text__media\"><img loading=\"lazy\" decoding=\"async\" width=\"593\" height=\"538\" src=\"https:\/\/literatur-made-in-osnabrueck.de\/wp-content\/uploads\/2024\/01\/BUKK-Stefan-Wellmann_Vorankuendigung.png\" alt=\"\" class=\"wp-image-1231 size-full\" srcset=\"https:\/\/literatur-made-in-osnabrueck.de\/wp-content\/uploads\/2024\/01\/BUKK-Stefan-Wellmann_Vorankuendigung.png 593w, https:\/\/literatur-made-in-osnabrueck.de\/wp-content\/uploads\/2024\/01\/BUKK-Stefan-Wellmann_Vorankuendigung-300x272.png 300w\" sizes=\"auto, (max-width: 593px) 100vw, 593px\" \/><\/figure><div class=\"wp-block-media-text__content\">\n<p class=\"has-small-font-size\">Schon mal vormerken: Dienstag, 23.01.2024 ist um 20.00 Uhr wieder BUKK-Zeit auf OS-Radio 104,8 <a href=\"https:\/\/www.osradio.de\/\">https:\/\/www.osradio.de\/<\/a><\/p>\n\n\n\n<p class=\"has-small-font-size\">Anschlie\u00dfend ist der Podcast dauerhaft \u00fcber die Podcastseite der Osnabr\u00fccker-Rundschau dauerhaft abrufbar <a href=\"https:\/\/os-rundschau.de\/category\/podcasts\/\">www.os-rundschau.de<\/a><\/p>\n<\/div><\/div>\n","protected":false},"excerpt":{"rendered":"<p>Schon mal vormerken: Dienstag, 23.01.2024 ist um 20.00 Uhr wieder BUKK-Zeit auf OS-Radio 104,8 https:\/\/www.osradio.de\/ Anschlie\u00dfend ist der Podcast dauerhaft \u00fcber die Podcastseite der Osnabr\u00fccker-Rundschau dauerhaft abrufbar www.os-rundschau.de<\/p>\n","protected":false},"author":1,"featured_media":0,"comment_status":"closed","ping_status":"open","sticky":false,"template":"","format":"standard","meta":{"_jetpack_memberships_contains_paid_content":false,"footnotes":""},"categories":[45,21,153],"tags":[239,240,241,189],"class_list":["post-1230","post","type-post","status-publish","format-standard","hentry","category-kerstin-broszat","category-schick_tina","category-wellmann-stefan","tag-bukk","tag-os-radio-104-8","tag-osnabruecker-rundschau","tag-stefan-wellmann"],"jetpack_featured_media_url":"","jetpack_sharing_enabled":true,"_links":{"self":[{"href":"https:\/\/literatur-made-in-osnabrueck.de\/index.php?rest_route=\/wp\/v2\/posts\/1230","targetHints":{"allow":["GET"]}}],"collection":[{"href":"https:\/\/literatur-made-in-osnabrueck.de\/index.php?rest_route=\/wp\/v2\/posts"}],"about":[{"href":"https:\/\/literatur-made-in-osnabrueck.de\/index.php?rest_route=\/wp\/v2\/types\/post"}],"author":[{"embeddable":true,"href":"https:\/\/literatur-made-in-osnabrueck.de\/index.php?rest_route=\/wp\/v2\/users\/1"}],"replies":[{"embeddable":true,"href":"https:\/\/literatur-made-in-osnabrueck.de\/index.php?rest_route=%2Fwp%2Fv2%2Fcomments&post=1230"}],"version-history":[{"count":1,"href":"https:\/\/literatur-made-in-osnabrueck.de\/index.php?rest_route=\/wp\/v2\/posts\/1230\/revisions"}],"predecessor-version":[{"id":1232,"href":"https:\/\/literatur-made-in-osnabrueck.de\/index.php?rest_route=\/wp\/v2\/posts\/1230\/revisions\/1232"}],"wp:attachment":[{"href":"https:\/\/literatur-made-in-osnabrueck.de\/index.php?rest_route=%2Fwp%2Fv2%2Fmedia&parent=1230"}],"wp:term":[{"taxonomy":"category","embeddable":true,"href":"https:\/\/literatur-made-in-osnabrueck.de\/index.php?rest_route=%2Fwp%2Fv2%2Fcategories&post=1230"},{"taxonomy":"post_tag","embeddable":true,"href":"https:\/\/literatur-made-in-osnabrueck.de\/index.php?rest_route=%2Fwp%2Fv2%2Ftags&post=1230"}],"curies":[{"name":"wp","href":"https:\/\/api.w.org\/{rel}","templated":true}]}}