{"id":1102,"date":"2023-12-23T21:56:11","date_gmt":"2023-12-23T21:56:11","guid":{"rendered":"https:\/\/literatur-made-in-osnabrueck.de\/?p=1102"},"modified":"2024-02-06T19:55:31","modified_gmt":"2024-02-06T19:55:31","slug":"bukk-buch-und-kunst-und-kuchen-mit-nicola-wuetherich-im-haus-der-jugend","status":"publish","type":"post","link":"https:\/\/literatur-made-in-osnabrueck.de\/?p=1102","title":{"rendered":"BUKK (Buch und Kunst und Kuchen) mit Nicola W\u00fctherich im Haus der Jugend"},"content":{"rendered":"\n<div class=\"wp-block-media-text is-stacked-on-mobile is-vertically-aligned-top\"><figure class=\"wp-block-media-text__media\"><img loading=\"lazy\" decoding=\"async\" width=\"846\" height=\"934\" src=\"https:\/\/literatur-made-in-osnabrueck.de\/wp-content\/uploads\/2023\/12\/Vorschau-OR-Artikel-BUKK-26122023.png\" alt=\"\" class=\"wp-image-1103 size-full\" srcset=\"https:\/\/literatur-made-in-osnabrueck.de\/wp-content\/uploads\/2023\/12\/Vorschau-OR-Artikel-BUKK-26122023.png 846w, https:\/\/literatur-made-in-osnabrueck.de\/wp-content\/uploads\/2023\/12\/Vorschau-OR-Artikel-BUKK-26122023-272x300.png 272w, https:\/\/literatur-made-in-osnabrueck.de\/wp-content\/uploads\/2023\/12\/Vorschau-OR-Artikel-BUKK-26122023-768x848.png 768w\" sizes=\"auto, (max-width: 846px) 100vw, 846px\" \/><\/figure><div class=\"wp-block-media-text__content\">\n<h1 class=\"wp-block-heading has-small-font-size\"><strong>Dienstag, 26. Dezember 2023 um 20.00 Uhr live auf OS-Radio 104,8 im Stream unter <a href=\"http:\/\/www.osradio.de\">www.osradio.de\/<\/a> oder im Radio auf UKW 104,8 und anschlie\u00dfend ab 21.00 Uhr als Podcast abrufbar \u00fcber die Podcastseite der Osnabr\u00fccker Rundschau <a href=\"https:\/\/os-rundschau.de\">https:\/\/os-rundschau.de<\/a><br><\/strong><\/h1>\n<\/div><\/div>\n","protected":false},"excerpt":{"rendered":"<p>Dienstag, 26. Dezember 2023 um 20.00 Uhr live auf OS-Radio 104,8 im Stream unter www.osradio.de\/ oder im Radio auf UKW 104,8 und anschlie\u00dfend ab 21.00 Uhr als Podcast abrufbar \u00fcber die Podcastseite der Osnabr\u00fccker Rundschau https:\/\/os-rundschau.de<\/p>\n","protected":false},"author":1,"featured_media":0,"comment_status":"closed","ping_status":"open","sticky":false,"template":"","format":"standard","meta":{"_jetpack_memberships_contains_paid_content":false,"footnotes":""},"categories":[45,26,68,21],"tags":[172,174,173],"class_list":["post-1102","post","type-post","status-publish","format-standard","hentry","category-kerstin-broszat","category-osnabruecker-buchmesse-osna-buch","category-radio-und-podcast","category-schick_tina","tag-haus-der-jugend","tag-osna-buch","tag-osnabruecker-buchmesse"],"jetpack_featured_media_url":"","jetpack_sharing_enabled":true,"_links":{"self":[{"href":"https:\/\/literatur-made-in-osnabrueck.de\/index.php?rest_route=\/wp\/v2\/posts\/1102","targetHints":{"allow":["GET"]}}],"collection":[{"href":"https:\/\/literatur-made-in-osnabrueck.de\/index.php?rest_route=\/wp\/v2\/posts"}],"about":[{"href":"https:\/\/literatur-made-in-osnabrueck.de\/index.php?rest_route=\/wp\/v2\/types\/post"}],"author":[{"embeddable":true,"href":"https:\/\/literatur-made-in-osnabrueck.de\/index.php?rest_route=\/wp\/v2\/users\/1"}],"replies":[{"embeddable":true,"href":"https:\/\/literatur-made-in-osnabrueck.de\/index.php?rest_route=%2Fwp%2Fv2%2Fcomments&post=1102"}],"version-history":[{"count":1,"href":"https:\/\/literatur-made-in-osnabrueck.de\/index.php?rest_route=\/wp\/v2\/posts\/1102\/revisions"}],"predecessor-version":[{"id":1104,"href":"https:\/\/literatur-made-in-osnabrueck.de\/index.php?rest_route=\/wp\/v2\/posts\/1102\/revisions\/1104"}],"wp:attachment":[{"href":"https:\/\/literatur-made-in-osnabrueck.de\/index.php?rest_route=%2Fwp%2Fv2%2Fmedia&parent=1102"}],"wp:term":[{"taxonomy":"category","embeddable":true,"href":"https:\/\/literatur-made-in-osnabrueck.de\/index.php?rest_route=%2Fwp%2Fv2%2Fcategories&post=1102"},{"taxonomy":"post_tag","embeddable":true,"href":"https:\/\/literatur-made-in-osnabrueck.de\/index.php?rest_route=%2Fwp%2Fv2%2Ftags&post=1102"}],"curies":[{"name":"wp","href":"https:\/\/api.w.org\/{rel}","templated":true}]}}