{"id":1003,"date":"2023-11-26T22:03:15","date_gmt":"2023-11-26T22:03:15","guid":{"rendered":"https:\/\/literatur-made-in-osnabrueck.de\/?p=1003"},"modified":"2023-11-26T22:03:17","modified_gmt":"2023-11-26T22:03:17","slug":"bukkbuch-und-kunst-und-kuchen-podcast-zeit-am-28-11-2023-um-20-00-uhr","status":"publish","type":"post","link":"https:\/\/literatur-made-in-osnabrueck.de\/?p=1003","title":{"rendered":"BUKK(Buch und Kunst und Kuchen)-Podcast-Zeit am 28.11.2023 um 20.00 Uhr"},"content":{"rendered":"\n<div class=\"wp-block-media-text is-stacked-on-mobile is-vertically-aligned-top\"><figure class=\"wp-block-media-text__media\"><img loading=\"lazy\" decoding=\"async\" width=\"752\" height=\"800\" src=\"https:\/\/literatur-made-in-osnabrueck.de\/wp-content\/uploads\/2023\/11\/BUKK-Weihnacht-2023-Screenshot.png\" alt=\"\" class=\"wp-image-1004 size-full\" srcset=\"https:\/\/literatur-made-in-osnabrueck.de\/wp-content\/uploads\/2023\/11\/BUKK-Weihnacht-2023-Screenshot.png 752w, https:\/\/literatur-made-in-osnabrueck.de\/wp-content\/uploads\/2023\/11\/BUKK-Weihnacht-2023-Screenshot-282x300.png 282w\" sizes=\"auto, (max-width: 752px) 100vw, 752px\" \/><\/figure><div class=\"wp-block-media-text__content\">\n<p class=\"has-small-font-size\">Der Weihnachtspodcast 2023 Unter dem Motto \u201eBuch und Gl\u00fchwein und Kekse\u201c probieren Tina Schick und Kerstin Broszat k\u00f6stliche Weihnachtskekse und gehaltvollen Gl\u00fchwein und plaudern unterdessen \u00fcber ihre Lieblingsweihnachtsb\u00fccher und -geschichten. Von Besinnlichem und Nachdenklichem bis zu Albernheiten und tieferen Familieneinblicken ist alles dabei. Viel Spa\u00df beim Zuh\u00f6ren! <\/p>\n\n\n\n<p class=\"has-small-font-size\">Auf OS-Radio 104,8 (auf UKW oder im Stream: <a href=\"https:\/\/www.osradio.de\/?fbclid=IwAR3_Gl1RF0zH2ILO9WCRKIVrOWW6TN9p5CIJMWsVQoH1NIjtrwQ3OxdIGIE\" target=\"_blank\" rel=\"noreferrer noopener\">https:\/\/www.osradio.de\/<\/a> ) und anschlie\u00dfend dauerhaft auf der Podcastseite der Osnabr\u00fccker Rundschau ( <a href=\"https:\/\/l.facebook.com\/l.php?u=https%3A%2F%2Fos-rundschau.de%2Fcategory%2Fpodcasts%2Fbukk%2F%3Ffbclid%3DIwAR0j2FNBFv2dRXMhH18qqsKKeiSTVYMUM5cW25j7SWTqqj1mri6RU4mBl5c&amp;h=AT3I8BslL5eEtfaUgpgG8YF8jyn52Y5WoGQC8xH0cqbr7xW2h43Nn6hd5HIzo8ARS_lc63w_5GuebpnyvwYzezcTxH13Vi3vSQ8iSxfHU_S1GGnyPWlYHK5_I1I006sluEr_&amp;__tn__=-UK-R&amp;c[0]=AT2PmW2TrZB0-jhmPYp1F6JsB2q2Ep0KcW5SnuP6Z-7cxWkDWWMNqMYjyHUb3C2ngx4qmMQFb5UYDcD3Yxu2pLp_0JtF-8xLr7OzPB53TMKpHznJdCzD_XYp9zsoSI_duAa33rCDonbJdWVTIrPTuCz3icwtVvlIRu2tTtVbBx3VN_ecD61c\" target=\"_blank\" rel=\"noreferrer noopener\">https:\/\/os-rundschau.de\/category\/podcasts\/bukk\/<\/a> )<\/p>\n<\/div><\/div>\n","protected":false},"excerpt":{"rendered":"<p>Der Weihnachtspodcast 2023 Unter dem Motto \u201eBuch und Gl\u00fchwein und Kekse\u201c probieren Tina Schick und Kerstin Broszat k\u00f6stliche Weihnachtskekse und gehaltvollen Gl\u00fchwein und plaudern unterdessen \u00fcber ihre Lieblingsweihnachtsb\u00fccher und -geschichten. Von Besinnlichem und Nachdenklichem bis zu Albernheiten und tieferen Familieneinblicken ist alles dabei. Viel Spa\u00df beim Zuh\u00f6ren! Auf OS-Radio 104,8 (auf UKW oder im Stream: &hellip; <a href=\"https:\/\/literatur-made-in-osnabrueck.de\/?p=1003\" class=\"more-link\"><span class=\"screen-reader-text\">BUKK(Buch und Kunst und Kuchen)-Podcast-Zeit am 28.11.2023 um 20.00 Uhr<\/span> weiterlesen<\/a><\/p>\n","protected":false},"author":1,"featured_media":0,"comment_status":"closed","ping_status":"open","sticky":false,"template":"","format":"standard","meta":{"_jetpack_memberships_contains_paid_content":false,"footnotes":""},"categories":[45,68,21],"tags":[],"class_list":["post-1003","post","type-post","status-publish","format-standard","hentry","category-kerstin-broszat","category-radio-und-podcast","category-schick_tina"],"jetpack_featured_media_url":"","jetpack_sharing_enabled":true,"_links":{"self":[{"href":"https:\/\/literatur-made-in-osnabrueck.de\/index.php?rest_route=\/wp\/v2\/posts\/1003","targetHints":{"allow":["GET"]}}],"collection":[{"href":"https:\/\/literatur-made-in-osnabrueck.de\/index.php?rest_route=\/wp\/v2\/posts"}],"about":[{"href":"https:\/\/literatur-made-in-osnabrueck.de\/index.php?rest_route=\/wp\/v2\/types\/post"}],"author":[{"embeddable":true,"href":"https:\/\/literatur-made-in-osnabrueck.de\/index.php?rest_route=\/wp\/v2\/users\/1"}],"replies":[{"embeddable":true,"href":"https:\/\/literatur-made-in-osnabrueck.de\/index.php?rest_route=%2Fwp%2Fv2%2Fcomments&post=1003"}],"version-history":[{"count":1,"href":"https:\/\/literatur-made-in-osnabrueck.de\/index.php?rest_route=\/wp\/v2\/posts\/1003\/revisions"}],"predecessor-version":[{"id":1005,"href":"https:\/\/literatur-made-in-osnabrueck.de\/index.php?rest_route=\/wp\/v2\/posts\/1003\/revisions\/1005"}],"wp:attachment":[{"href":"https:\/\/literatur-made-in-osnabrueck.de\/index.php?rest_route=%2Fwp%2Fv2%2Fmedia&parent=1003"}],"wp:term":[{"taxonomy":"category","embeddable":true,"href":"https:\/\/literatur-made-in-osnabrueck.de\/index.php?rest_route=%2Fwp%2Fv2%2Fcategories&post=1003"},{"taxonomy":"post_tag","embeddable":true,"href":"https:\/\/literatur-made-in-osnabrueck.de\/index.php?rest_route=%2Fwp%2Fv2%2Ftags&post=1003"}],"curies":[{"name":"wp","href":"https:\/\/api.w.org\/{rel}","templated":true}]}}