{"id":69,"count":3,"description":"Im lippischen Detmold geboren und in einer K\u00fcnstlerfamilie aufgewachsen begeisterte sie sich schon in der Schule f\u00fcr die Sprache und das Schreiben von Aufs\u00e4tzen. Aber erst viele Jahre sp\u00e4ter begann sie, Geschichten zu schreiben. Ihr erstes Buch erschien 2003 unter dem Titel: \u00bbLesenswert, Geschichten und Gedichte aus dem Leben f\u00fcr das Leben\u00ab. \r\nBei osradio 104,8 moderiert sie ihre Sendung \u203aGabis blaue Stunde\u2039. Seit nunmehr 15 Jahren ist sie einmal im Monat live auf Sendung.","link":"https:\/\/literatur-made-in-osnabrueck.de\/?cat=69","name":"Dieckmann, Gabriele","slug":"gabriele-dieckmann","taxonomy":"category","parent":10,"meta":[],"_links":{"self":[{"href":"https:\/\/literatur-made-in-osnabrueck.de\/index.php?rest_route=\/wp\/v2\/categories\/69","targetHints":{"allow":["GET"]}}],"collection":[{"href":"https:\/\/literatur-made-in-osnabrueck.de\/index.php?rest_route=\/wp\/v2\/categories"}],"about":[{"href":"https:\/\/literatur-made-in-osnabrueck.de\/index.php?rest_route=\/wp\/v2\/taxonomies\/category"}],"up":[{"embeddable":true,"href":"https:\/\/literatur-made-in-osnabrueck.de\/index.php?rest_route=\/wp\/v2\/categories\/10"}],"wp:post_type":[{"href":"https:\/\/literatur-made-in-osnabrueck.de\/index.php?rest_route=%2Fwp%2Fv2%2Fposts&categories=69"}],"curies":[{"name":"wp","href":"https:\/\/api.w.org\/{rel}","templated":true}]}}