{"id":280,"count":7,"description":"2006 war ich froh die Schule endlich hinter mich gebracht zu haben und von nun an nur noch zu tun, was mir gef\u00e4llt.  Aber nun stand ich vor der gro\u00dfen Wahl: Studiere ich Kunst oder Musik? Schlie\u00dflich entschied ich mich f\u00fcr erst Musik studieren, danach Kunst. Nach einem Praktikum in der Musikschule nahm ich das Studium der elementaren Musikp\u00e4dagogik mit klassischem Gesang am Institut f\u00fcr Musik in Osnabr\u00fcck auf. Dieses gefiel mir so gut, dass ich gleich bis 2018 blieb. Direkt im Anschluss schloss ich mein Kunststudium an der Universit\u00e4t Osnabr\u00fcck an. \r\nSeit 2011 arbeite ich als Musikp\u00e4dagogin an der Musik und Kunstschule der Stadt Osnabr\u00fcck und bin nebenher freiberuflich als Musikerin und K\u00fcnstlerin unterwegs.\r\nhttps:\/\/svenja-niepel.de\/\r\n","link":"https:\/\/literatur-made-in-osnabrueck.de\/?cat=280","name":"Niepel, Svenja","slug":"niepel-svenja","taxonomy":"category","parent":10,"meta":[],"_links":{"self":[{"href":"https:\/\/literatur-made-in-osnabrueck.de\/index.php?rest_route=\/wp\/v2\/categories\/280","targetHints":{"allow":["GET","POST","PUT","PATCH","DELETE"]}}],"collection":[{"href":"https:\/\/literatur-made-in-osnabrueck.de\/index.php?rest_route=\/wp\/v2\/categories"}],"about":[{"href":"https:\/\/literatur-made-in-osnabrueck.de\/index.php?rest_route=\/wp\/v2\/taxonomies\/category"}],"up":[{"embeddable":true,"href":"https:\/\/literatur-made-in-osnabrueck.de\/index.php?rest_route=\/wp\/v2\/categories\/10"}],"wp:post_type":[{"href":"https:\/\/literatur-made-in-osnabrueck.de\/index.php?rest_route=%2Fwp%2Fv2%2Fposts&categories=280"}],"curies":[{"name":"wp","href":"https:\/\/api.w.org\/{rel}","templated":true}]}}